{"id":61692,"date":"2018-01-17T00:00:00","date_gmt":"2018-01-17T06:00:00","guid":{"rendered":"https:\/\/dralvarez.com.mx\/larevista\/blog\/cobacam-inicia-su-reunion-estatal-de-academia-21387"},"modified":"2018-01-17T00:00:00","modified_gmt":"2018-01-17T06:00:00","slug":"cobacam-inicia-su-reunion-estatal-de-academia-21387","status":"publish","type":"post","link":"https:\/\/dralvarez.com.mx\/larevista\/compeche\/cobacam-inicia-su-reunion-estatal-de-academia-21387","title":{"rendered":"Cobacam inicia su Reuni\u00f3n Estatal de Academia"},"content":{"rendered":"<p>El Colegio de Bachilleres del Estado de Campeche (Cobacam) inici\u00f3 su Reuni\u00f3n Estatal de Academia, ciclo escolar 2018-A, en la cual durante los d\u00edas 16, 17, 18 de enero, 73 docentes provenientes de los 37 centros de estudio, entre planteles y Emsad, trabajar\u00e1n para establecer criterios educativos y de evaluaci\u00f3n, as\u00ed como establecer los registros de las competencias gen\u00e9ricas que les permitan realizar proyectos acad\u00e9micos integrales que fortalezcan la pertinencia y la calidad acad\u00e9mica, como establece el nuevo modelo educativo basado en el desarrollo de competencias.<\/p>\n<p>El objetivo de esta reuni\u00f3n es avanzar y estar acordes con el Plan de Estudios de Bachillerato General con un enfoque educativo basado en el desarrollo de competencias, como parte del nuevo modelo educativo y nuevo curr\u00edculo de la educaci\u00f3n media superior y de la reforma integral de la educaci\u00f3n media superior, establecida por la Subsecretar\u00eda de Educaci\u00f3n Media Superior.<\/p>\n<p>Asimismo, en esta reuni\u00f3n, docentes de las diversas disciplinas y competencias gen\u00e9ricas que se ofrecen en esta instituci\u00f3n, que van desde las asignaturas como matem\u00e1ticas, f\u00edsica, qu\u00edmica, c\u00e1lculo integral, hasta las de capacitaci\u00f3n para el trabajo, como son dibujo t\u00e9cnico, industria del vestido, inform\u00e1tica, soldadura y dem\u00e1s que se imparten en el nivel medio superior, ser\u00e1n analizadas para fijar criterios, evaluaci\u00f3n y seguimiento de las competencias gen\u00e9ricas para su aplicaci\u00f3n en el ciclo escolar 2018-A, en todos los centros educativos del Cobacam. <\/p>\n<p>Del mismo modo, se dise\u00f1ar\u00e1n y desarrollar\u00e1n estrategias did\u00e1cticas para docentes, con el prop\u00f3sito de contribuir a mejorar el aprendizaje de los j\u00f3venes, respaldar la continuaci\u00f3n de su trayectoria educativa y favorecer su  inserci\u00f3n exitosa en la vida productiva, para lo cual se elaboran proyectos interdisciplinarios, en los que el conocimiento vertido en las aulas y talleres, sea aplicado en proyectos que impacten en el proceso ense\u00f1anza-aprendizaje.<\/p>\n<p>En la inauguraci\u00f3n estuvieron presentes el director acad\u00e9mico del Cobacam, Jos\u00e9 Sagundo Rodr\u00edguez; la directora de Educaci\u00f3n Continua, Gloria Castro Mena, y el director administrativo, Julio Tuz Coll\u00ed.<\/p>\n","protected":false},"excerpt":{"rendered":"<p>Durante los d\u00edas 16, 17, 18 de enero, 73 docentes trabajar\u00e1n para establecer criterios educativos y de evaluaci\u00f3n.<\/p>\n","protected":false},"author":1018,"featured_media":0,"comment_status":"open","ping_status":"open","sticky":false,"template":"","format":"standard","meta":{"tdm_status":"","tdm_grid_status":"","footnotes":""},"categories":[27],"tags":[],"_links":{"self":[{"href":"https:\/\/dralvarez.com.mx\/larevista\/wp-json\/wp\/v2\/posts\/61692"}],"collection":[{"href":"https:\/\/dralvarez.com.mx\/larevista\/wp-json\/wp\/v2\/posts"}],"about":[{"href":"https:\/\/dralvarez.com.mx\/larevista\/wp-json\/wp\/v2\/types\/post"}],"author":[{"embeddable":true,"href":"https:\/\/dralvarez.com.mx\/larevista\/wp-json\/wp\/v2\/users\/1018"}],"replies":[{"embeddable":true,"href":"https:\/\/dralvarez.com.mx\/larevista\/wp-json\/wp\/v2\/comments?post=61692"}],"version-history":[{"count":0,"href":"https:\/\/dralvarez.com.mx\/larevista\/wp-json\/wp\/v2\/posts\/61692\/revisions"}],"wp:attachment":[{"href":"https:\/\/dralvarez.com.mx\/larevista\/wp-json\/wp\/v2\/media?parent=61692"}],"wp:term":[{"taxonomy":"category","embeddable":true,"href":"https:\/\/dralvarez.com.mx\/larevista\/wp-json\/wp\/v2\/categories?post=61692"},{"taxonomy":"post_tag","embeddable":true,"href":"https:\/\/dralvarez.com.mx\/larevista\/wp-json\/wp\/v2\/tags?post=61692"}],"curies":[{"name":"wp","href":"https:\/\/api.w.org\/{rel}","templated":true}]}}