{"id":61689,"date":"2018-01-17T00:00:00","date_gmt":"2018-01-17T06:00:00","guid":{"rendered":"https:\/\/dralvarez.com.mx\/larevista\/blog\/christelle-castanon-de-moreno-inaugura-modulo-de-juegos-infantiles-inclusivos-y-encabeza-caravana-de-reyes-magos-en-calkini-21384"},"modified":"2018-01-17T00:00:00","modified_gmt":"2018-01-17T06:00:00","slug":"christelle-castanon-de-moreno-inaugura-modulo-de-juegos-infantiles-inclusivos-y-encabeza-caravana-de-reyes-magos-en-calkini-21384","status":"publish","type":"post","link":"https:\/\/dralvarez.com.mx\/larevista\/compeche\/christelle-castanon-de-moreno-inaugura-modulo-de-juegos-infantiles-inclusivos-y-encabeza-caravana-de-reyes-magos-en-calkini-21384","title":{"rendered":"Christelle Casta\u00f1\u00f3n de Moreno inaugura m\u00f3dulo de juegos infantiles inclusivos y encabeza caravana de reyes magos en Calkin\u00ed"},"content":{"rendered":"<p>\u201cLa Inauguraci\u00f3n de este parque es parte del trabajo en equipo de las instituciones para promover la cultura de la inclusi\u00f3n, as\u00ed como el resultado del compromiso asumido en el Segundo Informe de Actividades, para brindar a las ni\u00f1as, ni\u00f1os con y sin discapacidad, la oportunidad de disfrutar plenamente de espacios recreativos accesibles\u201d, precis\u00f3 la Presidenta del Patronato del DIF Estatal, Christelle Casta\u00f1\u00f3n de Moreno, al inaugurar el m\u00f3dulo de juegos infantiles inclusivos en Dzitbalch\u00e9, Calkin\u00ed, donde se invirtieron dos millones 354 mil 696 pesos proveniente del Fondo de Accesibilidad para las Personas con Discapacidad (FOTRADIS).<\/p>\n<p>Casta\u00f1\u00f3n de Moreno se\u00f1al\u00f3 que los juegos permiten la integraci\u00f3n y promueven el entretenimiento y desarrollo de sus capacidades, ya que los ni\u00f1os realizan actividades sensoriales, de coordinaci\u00f3n y equilibrio; e indic\u00f3 que estos compromisos cumplidos son respaldados por el Presidente de la Rep\u00fablica, Enrique Pe\u00f1a Nieto, de su esposa Ang\u00e9lica Rivera de Pe\u00f1a y del Gobernador del Estado, Alejandro Moreno C\u00e1rdenas, que en suma de esfuerzos velan por el bienestar de los campechanos.<\/p>\n<p>\u201cEstos espacios les brindan la oportunidad de jugar junto a todos los ni\u00f1os independientemente de sus capacidades, fortaleciendo las relaciones familiares y permitiendo adem\u00e1s concientizar a la sociedad de contribuir en su desarrollo e inclusi\u00f3n plena, garantizando su derecho a disfrutar y vivir su ni\u00f1ez en completa dignidad\u201d, sostuvo.<\/p>\n<p>Por su parte, el alcalde de Calkin\u00ed, Jos\u00e9 Emiliano Canul Ak\u00e9, agradeci\u00f3 al mandatario estatal y a su esposa, la Presidenta del Patronato del DIF Estatal, por promover espacios dignos, que se convierten en lugares de respeto y convivencia.<\/p>\n<p>Como parte de la gira de trabajo por ese municipio, tambi\u00e9n lleg\u00f3  la caravana de los Reyes Magos al jard\u00edn de Ni\u00f1os \u201cLilia Reyes de L\u00f3pez Hern\u00e1ndez\u201d, en la cabecera, donde 154 ni\u00f1os y ni\u00f1as recibieron juguetes de manos de la Presidenta del Patronato del DIF Estatal y los Reyes Magos; adem\u00e1s cortaron una rosca y las autoridades escolares recibieron un kit de porter\u00eda infantil.<\/p>\n<p>Ah\u00ed, Casta\u00f1\u00f3n de Moreno les dijo a los ni\u00f1os y ni\u00f1as que los Reyes Magos llegaron porque se portaron bien y les transmiti\u00f3 el saludo de su esposo, el Gobernador Alejandro Moreno C\u00e1rdenas.<\/p>\n<p>Como parte de la caravana, el payaso \u201cCrispinp\u00edn\u201d organiz\u00f3 concursos con las ni\u00f1as y ni\u00f1os, adem\u00e1s de asombrosos actos de magia, haci\u00e9ndolos pasar horas de entretenimiento.<\/p>\n<p>En la gira estuvieron presentes la Directora General del DIF, Silvia Elena Parrao Arceo; la Presidenta del DIF Municipal, Nelly Canul Ak\u00e9; el secretario de Obras P\u00fablicas e Infraestructura (SEDUOPI), Edilberto Buenfil Montalvo; el secretario de Educaci\u00f3n (SEDUC), Ricardo Miguel Medina Farf\u00e1n; el secretario de Desarrollo Social y Humano (SEDESYH),  Jorge Chanona Echeverr\u00eda; la Directora de Atenci\u00f3n Social y Discapacidad, Magaly Medina Farf\u00e1n; la Jefa de Educaci\u00f3n Especial de la SEDUC, Manuela P\u00e9rez; la promotora titular del Grupo de Participaci\u00f3n Ciudadana (GPC) de la SEDUC, Blanca Uribe de Medina, y la Directora del Jard\u00edn de Ni\u00f1os, Lizbeth Huch\u00edn Rivera.<\/p>\n","protected":false},"excerpt":{"rendered":"<p>La Inauguraci\u00f3n de este parque es parte del trabajo en equipo de las instituciones para promover la cultura de la inclusi\u00f3n.<\/p>\n","protected":false},"author":1018,"featured_media":0,"comment_status":"open","ping_status":"open","sticky":false,"template":"","format":"standard","meta":{"tdm_status":"","tdm_grid_status":"","footnotes":""},"categories":[27],"tags":[],"_links":{"self":[{"href":"https:\/\/dralvarez.com.mx\/larevista\/wp-json\/wp\/v2\/posts\/61689"}],"collection":[{"href":"https:\/\/dralvarez.com.mx\/larevista\/wp-json\/wp\/v2\/posts"}],"about":[{"href":"https:\/\/dralvarez.com.mx\/larevista\/wp-json\/wp\/v2\/types\/post"}],"author":[{"embeddable":true,"href":"https:\/\/dralvarez.com.mx\/larevista\/wp-json\/wp\/v2\/users\/1018"}],"replies":[{"embeddable":true,"href":"https:\/\/dralvarez.com.mx\/larevista\/wp-json\/wp\/v2\/comments?post=61689"}],"version-history":[{"count":0,"href":"https:\/\/dralvarez.com.mx\/larevista\/wp-json\/wp\/v2\/posts\/61689\/revisions"}],"wp:attachment":[{"href":"https:\/\/dralvarez.com.mx\/larevista\/wp-json\/wp\/v2\/media?parent=61689"}],"wp:term":[{"taxonomy":"category","embeddable":true,"href":"https:\/\/dralvarez.com.mx\/larevista\/wp-json\/wp\/v2\/categories?post=61689"},{"taxonomy":"post_tag","embeddable":true,"href":"https:\/\/dralvarez.com.mx\/larevista\/wp-json\/wp\/v2\/tags?post=61689"}],"curies":[{"name":"wp","href":"https:\/\/api.w.org\/{rel}","templated":true}]}}