{"id":61688,"date":"2018-01-17T00:00:00","date_gmt":"2018-01-17T06:00:00","guid":{"rendered":"https:\/\/dralvarez.com.mx\/larevista\/blog\/secont-imparte-capacitacion-a-integrantes-del-comite-de-etica-de-la-codesvi-21383"},"modified":"2018-01-17T00:00:00","modified_gmt":"2018-01-17T06:00:00","slug":"secont-imparte-capacitacion-a-integrantes-del-comite-de-etica-de-la-codesvi-21383","status":"publish","type":"post","link":"https:\/\/dralvarez.com.mx\/larevista\/compeche\/secont-imparte-capacitacion-a-integrantes-del-comite-de-etica-de-la-codesvi-21383","title":{"rendered":"SECONT imparte capacitaci\u00f3n a integrantes del comit\u00e9 de \u00e9tica de la CODESVI"},"content":{"rendered":"<p>Con el objetivo de otorgar las herramientas cognitivas a los miembros integrantes del Comit\u00e9 de \u00c9tica y Prevenci\u00f3n de Conflictos de Inter\u00e9s de la Comisi\u00f3n Estatal para el Desarrollo de Suelo y Vivienda (CODESVI), la Secretar\u00eda de la Contralor\u00eda del Estado (SECONT) imparti\u00f3 una capacitaci\u00f3n respecto a sus responsabilidades como miembros del Comit\u00e9 de \u00c9tica y Prevenci\u00f3n de Conflictos de Inter\u00e9s y mecanismos de desarrollo de las mismas, seg\u00fan la normativa estatal.<\/p>\n<p>La titular de la SECONT, Laura Luna Garc\u00eda, se mostr\u00f3 complacida al presentar formalmente el material de difusi\u00f3n en materia de \u00e9tica y prevenci\u00f3n de conflicto de inter\u00e9s, y al mismo tiempo destac\u00f3 la importancia que conlleva para los integrantes de este comit\u00e9 el conocer las atribuciones conferidas, as\u00ed como el alcance de las mismas. La pl\u00e1tica fue impartida por Alma Delia Valdez del \u00c1ngel, Titular de la Unidad Especializada en \u00c9tica y Prevenci\u00f3n de Conflictos del Inter\u00e9s de la SECONT, y se cont\u00f3 con la presencia del titular de la CODESVI, Oswaldo Humberto Sierra Villajuana, as\u00ed como de los integrantes del Comit\u00e9 de \u00c9tica de la dependencia.<\/p>\n","protected":false},"excerpt":{"rendered":"<p>Con el objetivo de otorgar las herramientas cognitivas.<\/p>\n","protected":false},"author":1018,"featured_media":0,"comment_status":"open","ping_status":"open","sticky":false,"template":"","format":"standard","meta":{"tdm_status":"","tdm_grid_status":"","footnotes":""},"categories":[27],"tags":[],"_links":{"self":[{"href":"https:\/\/dralvarez.com.mx\/larevista\/wp-json\/wp\/v2\/posts\/61688"}],"collection":[{"href":"https:\/\/dralvarez.com.mx\/larevista\/wp-json\/wp\/v2\/posts"}],"about":[{"href":"https:\/\/dralvarez.com.mx\/larevista\/wp-json\/wp\/v2\/types\/post"}],"author":[{"embeddable":true,"href":"https:\/\/dralvarez.com.mx\/larevista\/wp-json\/wp\/v2\/users\/1018"}],"replies":[{"embeddable":true,"href":"https:\/\/dralvarez.com.mx\/larevista\/wp-json\/wp\/v2\/comments?post=61688"}],"version-history":[{"count":0,"href":"https:\/\/dralvarez.com.mx\/larevista\/wp-json\/wp\/v2\/posts\/61688\/revisions"}],"wp:attachment":[{"href":"https:\/\/dralvarez.com.mx\/larevista\/wp-json\/wp\/v2\/media?parent=61688"}],"wp:term":[{"taxonomy":"category","embeddable":true,"href":"https:\/\/dralvarez.com.mx\/larevista\/wp-json\/wp\/v2\/categories?post=61688"},{"taxonomy":"post_tag","embeddable":true,"href":"https:\/\/dralvarez.com.mx\/larevista\/wp-json\/wp\/v2\/tags?post=61688"}],"curies":[{"name":"wp","href":"https:\/\/api.w.org\/{rel}","templated":true}]}}