{"id":61686,"date":"2018-01-17T00:00:00","date_gmt":"2018-01-17T06:00:00","guid":{"rendered":"https:\/\/dralvarez.com.mx\/larevista\/blog\/seplan-presenta-metodo-de-trabajo-con-la-ong-bleu-versant-21381"},"modified":"2018-01-17T00:00:00","modified_gmt":"2018-01-17T06:00:00","slug":"seplan-presenta-metodo-de-trabajo-con-la-ong-bleu-versant-21381","status":"publish","type":"post","link":"https:\/\/dralvarez.com.mx\/larevista\/compeche\/seplan-presenta-metodo-de-trabajo-con-la-ong-bleu-versant-21381","title":{"rendered":"SEPLAN presenta m\u00e9todo de trabajo con la ONG \u201cBleu Versant\u201d"},"content":{"rendered":"<p>\u201cPara establecer las acciones que sienten precedentes en nuestro Estado en la valorizaci\u00f3n del agua y la sustentabilidad de nuestra ciudad, y con el compromiso de dejar en Campeche una visi\u00f3n a futuro, el Gobernador Alejandro Moreno C\u00e1rdenas establecer\u00e1 las bases para lograr una Entidad sustentable y viable para una nueva sociedad\u201d, declar\u00f3 el secretario de Planeaci\u00f3n (SEPLAN), Ram\u00f3n Arredondo Anguiano, durante la presentaci\u00f3n del m\u00e9todo de trabajo sobre el estudio y diagn\u00f3stico multidisciplinario con enfoque ambiental, urbano y social sobre el agua con la ONG \u201cBleu Versant\u201d.<\/p>\n<p>Ante la presencia de los integrantes de la ONG \u201cBleu Versant\u201d, Barth\u00e9l\u00e9my Shlumberguer, presidente de la ONG; Mathieu Duvingnaud y Nicol\u00e1s Riffaud, directores del Proyecto; Solveig Bottemer, voluntaria y traductora; as\u00ed como de Miguel \u00c1ngel Garc\u00eda Escalante, director del Sistema Municipal del Agua Potable (SMAPAC), en representaci\u00f3n del Ayuntamiento de Campeche; de Lizbeth Garc\u00eda Garc\u00eda, encargada del Instituto de Informaci\u00f3n y Estad\u00edstica, Geogr\u00e1fica y Catastral del Estado de Campeche (INFOCAM), as\u00ed como representantes de las diversas dependencias de gobierno Estatal y Municipal; y de la sociedad Civil, Colegios de Arquitectos e ingenieros, Arredondo Anguiano, explic\u00f3 que con base al Programa de Cooperaci\u00f3n Descentralizada con M\u00e9xico, que se lleva con La Rochelle y que forma parte del convenio de cooperaci\u00f3n M\u00e9xico-Francia, se logr\u00f3 que San Francisco de Campeche sea prueba piloto para hacerla una ciudad sustentable.<\/p>\n<p>Resalt\u00f3 que lo m\u00e1s importante es despertar la conciencia en la sociedad campechana y en las propias instituciones de los tres \u00f3rdenes de gobierno para que se pueda lograr un verdadero cambio que favorezca a nuestro entorno y a la poblaci\u00f3n.<\/p>\n<p>\u201cEstablecer una cultura colectiva del agua, despertar la conciencia de la responsabilidad que tenemos como habitantes de este planeta en respetar nuestro habitat y en especial el agua\u201d, dijo.<\/p>\n<p>Mencion\u00f3 que para el gobierno estatal este estudio ser\u00e1 fundamental para tener una visi\u00f3n de lo que se tiene que hacer en Campeche al a\u00f1o 2030; \u201cel pr\u00f3ximo a\u00f1o se plasmar\u00e1 en el Plan Estatal de Desarrollo (PED), ya que este 2018 se har\u00e1 una modificaci\u00f3n al PED para que los otros tres a\u00f1os se sientan bases para el Campeche al 2030 y dejar un Campeche a largo plazo y con bases firmes para su camino al progreso y la sustentabilidad\u201d, se\u00f1al\u00f3.<\/p>\n<p>El titular de la SEPLAN indic\u00f3 que de nada sirve invertir en costosos proyectos, sino se cuenta con una sociedad que contribuya para conservarlo. <\/p>\n<p>El funcionario estatal agradeci\u00f3 el inter\u00e9s y la participaci\u00f3n de los integrantes de la ONG, ya que es de suma importancia la labor que realizar\u00e1n durante su estad\u00eda en la ciudad para despertar la conciencia al entorno del valioso l\u00edquido, a trav\u00e9s de actividades y talleres sobre Agua Potable y Subterr\u00e1neas; Residuales, Pluviales, Litorales, as\u00ed como la Dimensi\u00f3n Cultural del Agua, con la participaci\u00f3n de artistas y especialistas en arte.<\/p>\n<p>Adem\u00e1s, habr\u00e1 un encuentro con estudiantes de la Escuela Secundaria General No. 3, \u201cInstituto Campechano\u201d, en el que se interactuar\u00e1 a trav\u00e9s de un taller pedag\u00f3gico en sus aulas para difundir estas inquietudes sobre el manejo consciente del recurso h\u00eddrico.<\/p>\n<p>Durante su participaci\u00f3n, el presidente de la ONG habl\u00f3 sobre la propuesta de este estudio que es el cruce de tecnolog\u00edas para encontrar las soluciones a esta problem\u00e1tica; e inform\u00f3 que al finalizar la expedici\u00f3n del estudio \u201cExpedici\u00f3n Litoral Interior. Entender y Actuar para el agua en el Territorio\u201d, se presentar\u00e1 la conclusi\u00f3n de dicho proyecto, en el que se informar\u00e1 cu\u00e1les son los resultados y propuestas para un mejor manejo del agua potable, residual, de lluvia y litoral, para de esta manera establecer estrategias p\u00fablicas y difundir estas tem\u00e1ticas con la poblaci\u00f3n.<\/p>\n<p>Por su parte, Garc\u00eda Escalante dijo que es importante darle la importancia que requiere al agua, pues es fundamental para la humanidad, y resalt\u00f3 que de cinco mil llamadas que se reciben en el SMAPAC sobre fugas, mil 500 son fugas al interior del domicilio o de tanques de agua, el flotador es lo que no sirve, lo que nos hace pensar en la falta de conciencia en la poblaci\u00f3n del valor del agua.<\/p>\n<p>A\u00f1adi\u00f3 el hecho de combinar esfuerzos en el proyecto y la diversidad de ideas e intereses entre los participantes a esta actividad de acciones para un mejor manejo del agua.<\/p>\n<p>Para finalizar, se agradeci\u00f3 la asistencia de los presentes y se les invit\u00f3 a participar en los diversos talleres y acciones t\u00e1cticas para mejorar de forma duradera los recursos del agua en el territorio y adaptarse a los cambios clim\u00e1ticos.<\/p>\n","protected":false},"excerpt":{"rendered":"<p>Para establecer las acciones que sienten precedentes en nuestro Estado en la valorizaci\u00f3n del agua y la sustentabilidad de nuestra ciudad.<\/p>\n","protected":false},"author":1018,"featured_media":0,"comment_status":"open","ping_status":"open","sticky":false,"template":"","format":"standard","meta":{"tdm_status":"","tdm_grid_status":"","footnotes":""},"categories":[27],"tags":[],"_links":{"self":[{"href":"https:\/\/dralvarez.com.mx\/larevista\/wp-json\/wp\/v2\/posts\/61686"}],"collection":[{"href":"https:\/\/dralvarez.com.mx\/larevista\/wp-json\/wp\/v2\/posts"}],"about":[{"href":"https:\/\/dralvarez.com.mx\/larevista\/wp-json\/wp\/v2\/types\/post"}],"author":[{"embeddable":true,"href":"https:\/\/dralvarez.com.mx\/larevista\/wp-json\/wp\/v2\/users\/1018"}],"replies":[{"embeddable":true,"href":"https:\/\/dralvarez.com.mx\/larevista\/wp-json\/wp\/v2\/comments?post=61686"}],"version-history":[{"count":0,"href":"https:\/\/dralvarez.com.mx\/larevista\/wp-json\/wp\/v2\/posts\/61686\/revisions"}],"wp:attachment":[{"href":"https:\/\/dralvarez.com.mx\/larevista\/wp-json\/wp\/v2\/media?parent=61686"}],"wp:term":[{"taxonomy":"category","embeddable":true,"href":"https:\/\/dralvarez.com.mx\/larevista\/wp-json\/wp\/v2\/categories?post=61686"},{"taxonomy":"post_tag","embeddable":true,"href":"https:\/\/dralvarez.com.mx\/larevista\/wp-json\/wp\/v2\/tags?post=61686"}],"curies":[{"name":"wp","href":"https:\/\/api.w.org\/{rel}","templated":true}]}}