{"id":61679,"date":"2018-01-16T00:00:00","date_gmt":"2018-01-16T06:00:00","guid":{"rendered":"https:\/\/dralvarez.com.mx\/larevista\/blog\/almirante-luis-gerardo-alcala-ferraez-premio-justo-sierra-mendez-maestro-de-america-2018-21373"},"modified":"2018-01-16T00:00:00","modified_gmt":"2018-01-16T06:00:00","slug":"almirante-luis-gerardo-alcala-ferraez-premio-justo-sierra-mendez-maestro-de-america-2018-21373","status":"publish","type":"post","link":"https:\/\/dralvarez.com.mx\/larevista\/compeche\/almirante-luis-gerardo-alcala-ferraez-premio-justo-sierra-mendez-maestro-de-america-2018-21373","title":{"rendered":"Almirante Luis Gerardo Alcal\u00e1 Ferr\u00e1ez, premio \u201cJusto Sierra M\u00e9ndez, Maestro de Am\u00e9rica\u201d 2018"},"content":{"rendered":"<p>El Comit\u00e9 C\u00edvico Estatal para la designaci\u00f3n del Premio \u201cJusto Sierra M\u00e9ndez, Maestro de Am\u00e9rica\u201d, design\u00f3 de manera un\u00e1nime como ganador de la m\u00e1xima presea que otorga el pueblo y gobieno de Campeche, en su edici\u00f3n 2018, al Almirante Luis Gerardo Alcal\u00e1 Ferr\u00e1ez.<\/p>\n<p>En sesi\u00f3n celebrada en la Casa de los Gobernadores, el secretario general de Gobierno, Carlos Miguel Aysa Gonz\u00e1lez, en su calidad de vicepresidente del Comit\u00e9 C\u00edvico Estatal y representante del gobernador Alejandro Moreno C\u00e1rdenas; autoridades de instituciones de gobierno y acad\u00e9micas, y miembros de la sociedad civil, emitieron su voto a favor de Alcal\u00e1 Ferr\u00e1ez, al considerarlo ejemplo de esfuerzo y dedicaci\u00f3n en el campo de la milicia, y por poner en alto el nombre del estado.<\/p>\n<p>Tras la designaci\u00f3n, el secretario general de Gobierno coment\u00f3 que el m\u00e1ximo galard\u00f3n estatal se otorga a las campechanas y los campechanos que por sus m\u00e9ritos excepcionales se han distinguido en las ciencias, las artes, la tecnolog\u00eda o cualquiera otros valores sociales o manifestaciones culturales que contribuyan al engrandecimiento del g\u00e9nero humano o al bien del estado.<\/p>\n<p>El Almirante Alcal\u00e1 Ferr\u00e1ez actualmente es Jefe del Estado Mayor General de la Armada; ha sido condecorado con la estrella de plata de la Junta Interamericana de Defensa; recibi\u00f3 el reconocimiento al Valor Heroico, otorgado por la Presidencia de la Rep\u00fablica y la condecoraci\u00f3n \u201cMedalla MPAC\u201d, que entrega la Comunidad de Asesores Militares y Polic\u00edas de la ONU.<\/p>\n<p>Tambi\u00e9n ha fungido como ayudante naval del Alto Mando de la Armada, Jefe de la Divisi\u00f3n de Investigaci\u00f3n y Doctrina en el Colegio Interamericano de Defensa, en la ciudad de Washington, D.C., y asesor naval y militar de la misi\u00f3n permanente de M\u00e9xico ante la ONU, en el per\u00cdodo 2009-2010.<\/p>\n<p>Fue jefe de la secci\u00f3n IV y subjefe operativo en el Estado Mayor General de la Armada, y oficial de Estado Mayor de Fuerzas y Regiones Navales. <\/p>\n<p>Graduado en la Heroica Escuela Naval Militar, cuenta con Maestr\u00eda en Seguridad Nacional y Doctorado en Defensa y Seguridad Nacional, donde recibi\u00f3 menci\u00f3n hionor\u00edfica por la defensa de su tesis \u201cFuerzas Armadas como instrumento de Pol\u00edtica Exterior\u201d. <\/p>\n<p>Estuvieron presentes, los secretarios de Educaci\u00f3n, Ricardo Medina Farf\u00e1n, y de Cultura, Delio Carrillo P\u00e9rez; el rector del Instituto Campechano, Fernando Sandoval Castellanos; Alma Lorena Falc\u00f3n, en representaci\u00f3n del rector de la UAC, Gerardo Montero P\u00e9rez; el director general del Instituto del Deporte del Estado de Campeche, Jorge Carlos Hurtado Montero; Jos\u00e9 Alfredo C\u00e1rdenas V\u00e1zquez, de la sociedad civil, y Juan Antonio Renedo Dorantes, representante acad\u00e9mico.<\/p>\n","protected":false},"excerpt":{"rendered":"<p>En sesi\u00f3n celebrada en la Casa de los Gobernadores.<\/p>\n","protected":false},"author":1018,"featured_media":0,"comment_status":"open","ping_status":"open","sticky":false,"template":"","format":"standard","meta":{"tdm_status":"","tdm_grid_status":"","footnotes":""},"categories":[27],"tags":[],"_links":{"self":[{"href":"https:\/\/dralvarez.com.mx\/larevista\/wp-json\/wp\/v2\/posts\/61679"}],"collection":[{"href":"https:\/\/dralvarez.com.mx\/larevista\/wp-json\/wp\/v2\/posts"}],"about":[{"href":"https:\/\/dralvarez.com.mx\/larevista\/wp-json\/wp\/v2\/types\/post"}],"author":[{"embeddable":true,"href":"https:\/\/dralvarez.com.mx\/larevista\/wp-json\/wp\/v2\/users\/1018"}],"replies":[{"embeddable":true,"href":"https:\/\/dralvarez.com.mx\/larevista\/wp-json\/wp\/v2\/comments?post=61679"}],"version-history":[{"count":0,"href":"https:\/\/dralvarez.com.mx\/larevista\/wp-json\/wp\/v2\/posts\/61679\/revisions"}],"wp:attachment":[{"href":"https:\/\/dralvarez.com.mx\/larevista\/wp-json\/wp\/v2\/media?parent=61679"}],"wp:term":[{"taxonomy":"category","embeddable":true,"href":"https:\/\/dralvarez.com.mx\/larevista\/wp-json\/wp\/v2\/categories?post=61679"},{"taxonomy":"post_tag","embeddable":true,"href":"https:\/\/dralvarez.com.mx\/larevista\/wp-json\/wp\/v2\/tags?post=61679"}],"curies":[{"name":"wp","href":"https:\/\/api.w.org\/{rel}","templated":true}]}}