{"id":61665,"date":"2018-01-16T00:00:00","date_gmt":"2018-01-16T06:00:00","guid":{"rendered":"https:\/\/dralvarez.com.mx\/larevista\/blog\/crece-cobertura-de-educacion-especial-en-campeche-21355"},"modified":"2018-01-16T00:00:00","modified_gmt":"2018-01-16T06:00:00","slug":"crece-cobertura-de-educacion-especial-en-campeche-21355","status":"publish","type":"post","link":"https:\/\/dralvarez.com.mx\/larevista\/compeche\/crece-cobertura-de-educacion-especial-en-campeche-21355","title":{"rendered":"Crece cobertura de educaci\u00f3n especial en Campeche"},"content":{"rendered":"<p><b><i><\/i><\/b><\/p>\n<blockquote><p><b><i>Se realiza primer homenaje c\u00edvico del a\u00f1o en la SEDUC.<\/i><\/b><\/p><\/blockquote>\n<p>\u201cHan pasado dos a\u00f1os del inicio de la actual administraci\u00f3n y en materia de educaci\u00f3n especial se tienen logros importantes, evidencia de ello es la cobertura en los niveles de Secundaria y Preescolar; as\u00ed como la creaci\u00f3n de los Centro de Atenci\u00f3n M\u00faltiple en los municipios de Calakmul, Campeche y Carmen\u201d, resalt\u00f3 Manuela Candelaria P\u00e9rez Pacheco, al fungir como oradora principal durante el primer homenaje c\u00edvico del a\u00f1o de la Secretar\u00eda de Educaci\u00f3n (SEDUC).<\/p>\n<p>Ante el secretario de Educaci\u00f3n, Ricardo Medina Farf\u00e1n, quien presidi\u00f3 este acto desarrollado en la explanada de la dependencia estatal, P\u00e9rez Pacheco hizo un recuento de algunas de las acciones que se han desarrollado a trav\u00e9s del \u00e1rea a su cargo y que han permitido fortalecer el servicio que se ofrece a las ni\u00f1as, ni\u00f1os y j\u00f3venes que se atienden en esta \u00e1rea.<\/p>\n<p>Precis\u00f3 que otros de los logros fueron la consolidaci\u00f3n de espacios de inclusi\u00f3n social que garantizan el derecho de las ni\u00f1as y ni\u00f1os con discapacidad y aptitudes sobresalientes, ejemplo de ello es el desfile de modas \u201cFelicidad y Estilo, sue\u00f1o de todos\u201d; las olimpiadas especiales; encuentros inclusivos; entre otros m\u00e1s.<\/p>\n<p>Durante el acto c\u00edvico los presentes rindieron honores al l\u00e1baro patrio, que fue portado por la escolta del Centro de Atenci\u00f3n M\u00faltiple (CAM) n\u00famero 5 y se cont\u00f3 con la participaci\u00f3n de alumnos de la Unidad de Servicios y Apoyo a la Educaci\u00f3n Regular  (USAER)  n\u00famero 37 de Sabancuy, as\u00ed como j\u00f3venes de la Escuela Normal de Licenciatura en Educaci\u00f3n Especial, quienes interpretaron la canci\u00f3n \u201cSin l\u00edmites\u201d del compositor, Jos\u00e9 Alfredo Brice\u00f1o Huch\u00edn.<\/p>\n<p>Posteriormente, el titular de la SEDUC entreg\u00f3 reconocimientos al empleado del mes a Luis Alberto S\u00e1nchez Uc, Jorge Alberto Yah Tuz y Juan Enrique V\u00e1zquez Mart\u00ednez, y por \u00faltimo inaugur\u00f3 y recorri\u00f3 la exposici\u00f3n \u201cAlebrijes\u201d, a cargo de alumnos de los CAM y USAER que asisten al taller de artes pl\u00e1sticas del Centro Art\u00edstico y Cultural \u201cLeovigildo G\u00f3mez\u201d del DIF Estatal.<\/p>\n","protected":false},"excerpt":{"rendered":"<p>Se realiza primer homenaje c\u00edvico del a\u00f1o en la SEDUC.<\/p>\n","protected":false},"author":1018,"featured_media":0,"comment_status":"open","ping_status":"open","sticky":false,"template":"","format":"standard","meta":{"tdm_status":"","tdm_grid_status":"","footnotes":""},"categories":[27],"tags":[],"_links":{"self":[{"href":"https:\/\/dralvarez.com.mx\/larevista\/wp-json\/wp\/v2\/posts\/61665"}],"collection":[{"href":"https:\/\/dralvarez.com.mx\/larevista\/wp-json\/wp\/v2\/posts"}],"about":[{"href":"https:\/\/dralvarez.com.mx\/larevista\/wp-json\/wp\/v2\/types\/post"}],"author":[{"embeddable":true,"href":"https:\/\/dralvarez.com.mx\/larevista\/wp-json\/wp\/v2\/users\/1018"}],"replies":[{"embeddable":true,"href":"https:\/\/dralvarez.com.mx\/larevista\/wp-json\/wp\/v2\/comments?post=61665"}],"version-history":[{"count":0,"href":"https:\/\/dralvarez.com.mx\/larevista\/wp-json\/wp\/v2\/posts\/61665\/revisions"}],"wp:attachment":[{"href":"https:\/\/dralvarez.com.mx\/larevista\/wp-json\/wp\/v2\/media?parent=61665"}],"wp:term":[{"taxonomy":"category","embeddable":true,"href":"https:\/\/dralvarez.com.mx\/larevista\/wp-json\/wp\/v2\/categories?post=61665"},{"taxonomy":"post_tag","embeddable":true,"href":"https:\/\/dralvarez.com.mx\/larevista\/wp-json\/wp\/v2\/tags?post=61665"}],"curies":[{"name":"wp","href":"https:\/\/api.w.org\/{rel}","templated":true}]}}