{"id":61664,"date":"2018-01-16T00:00:00","date_gmt":"2018-01-16T06:00:00","guid":{"rendered":"https:\/\/dralvarez.com.mx\/larevista\/blog\/se-esta-transformando-el-rostro-a-la-educacion-en-campeche-para-impulsar-el-desarrollo-medina-farfan-21354"},"modified":"2018-01-16T00:00:00","modified_gmt":"2018-01-16T06:00:00","slug":"se-esta-transformando-el-rostro-a-la-educacion-en-campeche-para-impulsar-el-desarrollo-medina-farfan-21354","status":"publish","type":"post","link":"https:\/\/dralvarez.com.mx\/larevista\/compeche\/se-esta-transformando-el-rostro-a-la-educacion-en-campeche-para-impulsar-el-desarrollo-medina-farfan-21354","title":{"rendered":"Se est\u00e1 transformando el rostro a la educaci\u00f3n en Campeche, para impulsar el desarrollo: Medina Farf\u00e1n"},"content":{"rendered":"<p>\u201cEstamos cambiando el rostro de las escuelas de Campeche, pero no s\u00f3lo en su infraestructura, sino tambi\u00e9n en la forma ense\u00f1ar y formar a nuestros ni\u00f1os y ni\u00f1as, y esta es la meta, acercar los elementos y tener las herramientas para que nuestros alumnos reciban una educaci\u00f3n de calidad,  infraestructura, conocimiento, tecnolog\u00edas, todo lo mejor posible, ya que al impulsar el desarrollo de nuestros alumnos impulsamos tambi\u00e9n el desarrollo del Estado\u201d, asegur\u00f3 el titular de la Secretar\u00eda de Educaci\u00f3n (SEDUC), Ricardo Medina Farf\u00e1n, al encabezar la ceremonia c\u00edvica y acto inaugural de la rehabilitaci\u00f3n de la Escuela Primaria \u201cPablo Galeana\u201d,  ubicada en la capital del Estado.<\/p>\n<p>Frente a alumnos, padres de familia y personal docente, Medina Farf\u00e1n precis\u00f3 que este centro escolar es una muestra del compromiso del Gobernador Alejandro Moreno C\u00e1rdenas con la educaci\u00f3n, y que evidencia que se est\u00e1 trabajando para dar un nuevo rostro a este sector, atendiendo centros escolares que por muchos a\u00f1os no hab\u00edan recibido inversi\u00f3n.<\/p>\n<p>Precis\u00f3 que, desde que el mandatario estatal tom\u00f3 las riendas del Estado al d\u00eda de hoy, el 63 por ciento de las escuelas, lo que representa m\u00e1s de 900 planteles, han sido atendidas con acciones de rehabilitaci\u00f3n, modernizaci\u00f3n, y reconstrucci\u00f3n, y se sigue trabajando para que al culminar su administraci\u00f3n el cien por ciento de las escuelas sean atendidas.<\/p>\n<p>\u201cAl d\u00eda de hoy estos 900 planteles representan cerca del 63 por ciento de todos las que existen en el Estado, entonces esa es una cantidad importante, ya que en la entidad existen m\u00e1s de mil 500 planteles y significa m\u00e1s de la mitad, por lo que seguiremos gestionando m\u00e1s recursos y con el apoyo del gobernador, vamos a llegar a m\u00e1s porque su compromiso es que al t\u00e9rmino de su gobierno, se haya mejorado el cien por ciento de los centros escolares de Campeche\u201d, indic\u00f3.<\/p>\n<p>Medina Farf\u00e1n destac\u00f3 que la Escuela Primaria \u201cPablo Galeana\u201d, ubicada en la Unidad Habitacional Ex Hacienda Kal\u00e1, es un espacio modelo de lo que se busca consolidar en las escuelas del Estado, ya que en este lugar tambi\u00e9n se han aplicado estrategias de impulso educativo como el Programa Nacional de Ingl\u00e9s (PRONI), y el programa \u201cCuantrix\u201d que se implementa junto con Fundaci\u00f3n Televisa y que ense\u00f1a fortalece las competencias en programaci\u00f3n en los estudiantes.<\/p>\n<p>Por su parte, el Director General del Instituto de la Infraestructura F\u00edsica Educativa del Estado de Campeche (INIFEEC), H\u00e9ctor Manuel P\u00e9rez Rodr\u00edguez, detall\u00f3 que en esta escuela de la ciudad capital se realiz\u00f3 una inversi\u00f3n de m\u00e1s de 2.9 millones de pesos para rehabilitar sus edificios \u201cA\u201d, \u201cB\u201d, \u201dC\u201d Y \u201cD\u201d y a\u00f1adi\u00f3 tambi\u00e9n se realizaron obras complementarias, adem\u00e1s de obra exterior, as\u00ed como mejoras en sus pozos de absorci\u00f3n.<\/p>\n<p>Estuvieron presentes en este acto el Secretario General de la Secci\u00f3n IV del SNTE, Mois\u00e9s Mas Cab; el Secretario General del SUTGESE, Javier Barrera Pacheco; el Subsecretario de Educaci\u00f3n B\u00e1sica, Ricardo Koh Cambranis; el Director de Educaci\u00f3n B\u00e1sica, Alejandro Cuevas L\u00f3pez; la Subdirectora de Educaci\u00f3n Primaria, Marina Elid\u00e9 Chan Arcos; as\u00ed como los directores de los turnos matutino y vespertino, Billy Eleazar Naal Cervantes y Hugo Alberto Chabl\u00e9, respectivamente.<\/p>\n","protected":false},"excerpt":{"rendered":"<p>*Inauguran rehabilitaci\u00f3n de la Escuela Primaria \u201cPablo Galeana\u201d.<\/p>\n","protected":false},"author":1018,"featured_media":0,"comment_status":"open","ping_status":"open","sticky":false,"template":"","format":"standard","meta":{"tdm_status":"","tdm_grid_status":"","footnotes":""},"categories":[27],"tags":[],"_links":{"self":[{"href":"https:\/\/dralvarez.com.mx\/larevista\/wp-json\/wp\/v2\/posts\/61664"}],"collection":[{"href":"https:\/\/dralvarez.com.mx\/larevista\/wp-json\/wp\/v2\/posts"}],"about":[{"href":"https:\/\/dralvarez.com.mx\/larevista\/wp-json\/wp\/v2\/types\/post"}],"author":[{"embeddable":true,"href":"https:\/\/dralvarez.com.mx\/larevista\/wp-json\/wp\/v2\/users\/1018"}],"replies":[{"embeddable":true,"href":"https:\/\/dralvarez.com.mx\/larevista\/wp-json\/wp\/v2\/comments?post=61664"}],"version-history":[{"count":0,"href":"https:\/\/dralvarez.com.mx\/larevista\/wp-json\/wp\/v2\/posts\/61664\/revisions"}],"wp:attachment":[{"href":"https:\/\/dralvarez.com.mx\/larevista\/wp-json\/wp\/v2\/media?parent=61664"}],"wp:term":[{"taxonomy":"category","embeddable":true,"href":"https:\/\/dralvarez.com.mx\/larevista\/wp-json\/wp\/v2\/categories?post=61664"},{"taxonomy":"post_tag","embeddable":true,"href":"https:\/\/dralvarez.com.mx\/larevista\/wp-json\/wp\/v2\/tags?post=61664"}],"curies":[{"name":"wp","href":"https:\/\/api.w.org\/{rel}","templated":true}]}}