{"id":61661,"date":"2018-01-16T00:00:00","date_gmt":"2018-01-16T06:00:00","guid":{"rendered":"https:\/\/dralvarez.com.mx\/larevista\/blog\/christelle-castanon-de-moreno-y-los-reyes-magos-visitan-los-caic-koalas-y-la-casa-de-los-ninos-21350"},"modified":"2018-01-16T00:00:00","modified_gmt":"2018-01-16T06:00:00","slug":"christelle-castanon-de-moreno-y-los-reyes-magos-visitan-los-caic-koalas-y-la-casa-de-los-ninos-21350","status":"publish","type":"post","link":"https:\/\/dralvarez.com.mx\/larevista\/compeche\/christelle-castanon-de-moreno-y-los-reyes-magos-visitan-los-caic-koalas-y-la-casa-de-los-ninos-21350","title":{"rendered":"Christelle Casta\u00f1\u00f3n de Moreno y los Reyes Magos visitan los CAIC \u201cKoalas\u201d y \u201cLa casa de los ni\u00f1os\u201d"},"content":{"rendered":"<p>Las ni\u00f1as y los ni\u00f1os de los Centros de Atenci\u00f3n Infantil Comunitarios (CAIC) \u201cKoalas\u201d y la \u201cCasa de los Ni\u00f1os\u201d recibieron a los Reyes Magos, en gira que encabeza la Presidenta del Patronato del DIF Estatal, Christelle Casta\u00f1\u00f3n de Moreno, quien los motiv\u00f3 a continuar siendo buenos, hacer sus deberes escolares y obedecer los consejos de sus padres.<\/p>\n<p>Los ni\u00f1os tambi\u00e9n recibieron sus juguetes, y cortaron una rosca; asimismo, con la finalidad de fomentar la actividad f\u00edsica, la Presidenta del Patronato entreg\u00f3 a sus directoras  un kit de porter\u00eda infantil, que ser\u00e1 empleado para que los educandos hagan ejercicio divirti\u00e9ndose.<\/p>\n<p>Casta\u00f1\u00f3n de Moreno indic\u00f3 que la visita de los reyes magos es una recompensa a su buen comportamiento, por lo que la repartici\u00f3n de regalos se convirti\u00f3 en una fiesta de sonrisas, agradecimientos y fotos; y antes de despedirse transmiti\u00f3 el cordial saludo de su esposo, el Gobernador del Estado, Alejandro Moreno C\u00e1rdenas.<\/p>\n<p>Signific\u00f3 que los CAIC representan un apoyo para los padres que trabajan, al dejar al cuidado del personal lo m\u00e1s preciado que tienen, que son sus hijos, y exhort\u00f3 a los docentes a cuidar y guiar a quienes son el futuro de Campeche y M\u00e9xico.<\/p>\n<p>Minutos antes los alumnos presenciaron el espect\u00e1culo del payasito \u201cCrisp\u00edn\u201d, que con sus ocurrencias los hizo re\u00edr, concursar y los premi\u00f3 con bonitos juguetes.<\/p>\n<p>La Presidenta del Patronato estuvo acompa\u00f1ada por la Directora General del DIF, Silvia Elena Parrao Arceo; la Presidenta del Sistema DIF Municipal de Campeche, Enna Ortiz de Hern\u00e1ndez; la Directora de Desarrollo Familiar y Voluntariado, Sonia Castilla Trevi\u00f1o; y la encargada de los CADI-CAIC, Mercedes Poot Garmez.<\/p>\n","protected":false},"excerpt":{"rendered":"<p>Christelle Casta\u00f1\u00f3n de Moreno, los motiv\u00f3 a continuar siendo buenos, hacer sus deberes escolares y obedecer los consejos de sus padres.<\/p>\n","protected":false},"author":1018,"featured_media":0,"comment_status":"open","ping_status":"open","sticky":false,"template":"","format":"standard","meta":{"tdm_status":"","tdm_grid_status":"","footnotes":""},"categories":[27],"tags":[],"_links":{"self":[{"href":"https:\/\/dralvarez.com.mx\/larevista\/wp-json\/wp\/v2\/posts\/61661"}],"collection":[{"href":"https:\/\/dralvarez.com.mx\/larevista\/wp-json\/wp\/v2\/posts"}],"about":[{"href":"https:\/\/dralvarez.com.mx\/larevista\/wp-json\/wp\/v2\/types\/post"}],"author":[{"embeddable":true,"href":"https:\/\/dralvarez.com.mx\/larevista\/wp-json\/wp\/v2\/users\/1018"}],"replies":[{"embeddable":true,"href":"https:\/\/dralvarez.com.mx\/larevista\/wp-json\/wp\/v2\/comments?post=61661"}],"version-history":[{"count":0,"href":"https:\/\/dralvarez.com.mx\/larevista\/wp-json\/wp\/v2\/posts\/61661\/revisions"}],"wp:attachment":[{"href":"https:\/\/dralvarez.com.mx\/larevista\/wp-json\/wp\/v2\/media?parent=61661"}],"wp:term":[{"taxonomy":"category","embeddable":true,"href":"https:\/\/dralvarez.com.mx\/larevista\/wp-json\/wp\/v2\/categories?post=61661"},{"taxonomy":"post_tag","embeddable":true,"href":"https:\/\/dralvarez.com.mx\/larevista\/wp-json\/wp\/v2\/tags?post=61661"}],"curies":[{"name":"wp","href":"https:\/\/api.w.org\/{rel}","templated":true}]}}