{"id":61658,"date":"2018-01-16T00:00:00","date_gmt":"2018-01-16T06:00:00","guid":{"rendered":"https:\/\/dralvarez.com.mx\/larevista\/blog\/empresas-locales-conocen-los-requisitos-para-incorporarse-a-las-grandes-cadenas-comerciales-21346"},"modified":"2018-01-16T00:00:00","modified_gmt":"2018-01-16T06:00:00","slug":"empresas-locales-conocen-los-requisitos-para-incorporarse-a-las-grandes-cadenas-comerciales-21346","status":"publish","type":"post","link":"https:\/\/dralvarez.com.mx\/larevista\/compeche\/empresas-locales-conocen-los-requisitos-para-incorporarse-a-las-grandes-cadenas-comerciales-21346","title":{"rendered":"Empresas locales conocen los requisitos para incorporarse a las grandes cadenas comerciales"},"content":{"rendered":"<p>El Instituto para el Desarrollo de la Micro, Peque\u00f1a y Mediana Empresa (INDEMIPYME), en coordinaci\u00f3n con la Asociaci\u00f3n Nacional de Tiendas de Autoservicio y Departamentales (ANTAD), impartieron una pl\u00e1tica informativa a empresas locales sobre estrategias que les permitan incorporarse a la venta de productos en las grandes cadenas comerciales.<\/p>\n<p>El director del INDEMIPYME, Abraham Azar Lemus, precis\u00f3 que dicha pl\u00e1tica estuvo a cargo del personal de ANTAD, Manuel \u00c1lvarez Corona y Samuel Galindo Rodr\u00edguez, quienes detallaron las necesidades de las grandes tiendas para poder adquirir productos de empresas locales.<\/p>\n<p>Expres\u00f3 que estar en el piso de venta de las grandes cadenas de autoservicio o departamentales permite que la marca y productos sean visibles para una gran cantidad de posibles compradores, sean reconocidos y, por tanto, m\u00e1s demandados.<\/p>\n<p>-Convertirse en proveedor de una tienda departamental o de autoservicio, les da la posibilidad de ampliar su mercado, no s\u00f3lo por las ventas adicionales en estos canales sino porque la presencia en estos grandes establecimientos facilita y multiplica las ventas en los dem\u00e1s canales comerciales, vender ah\u00ed los coloca como una marca de prestigio y les facilita seguir creciendo -enfatiz\u00f3.<\/p>\n<p>Agreg\u00f3 que la actual administraci\u00f3n estatal apoya el fortalecimiento de las empresas locales, porque adem\u00e1s de ser una fuente de generaci\u00f3n de empleo refuerzan el tejido social, al ofrecer seguridad y estabilidad a las familias que obtienen un ingreso de actividades productivas.<\/p>\n<p>Destac\u00f3 que a trav\u00e9s de la Secretar\u00eda de Desarrollo Econ\u00f3mico (SEDECO) y el INDEMIPYME, se respalda a los comerciantes del Estado, para que su idea desarrolle con una metodolog\u00eda que perdure.<\/p>\n<p>A esta pl\u00e1tica informativa asistieron empresas locales de distintos giros, desde proveedur\u00eda de servicios, gastron\u00f3micos, turismo, entre otros, los cuales tuvieron la oportunidad resolver sus dudas respecto a los requisitos y par\u00e1metros para poder incorporarse a estos esquemas de comercializaci\u00f3n y colocar sus productos en mejores mercados.<\/p>\n","protected":false},"excerpt":{"rendered":"<p>Impartieron una pl\u00e1tica informativa a empresas locales sobre estrategias que les permitan incorporarse a la venta de productos en las grandes cadenas<\/p>\n","protected":false},"author":1018,"featured_media":0,"comment_status":"open","ping_status":"open","sticky":false,"template":"","format":"standard","meta":{"tdm_status":"","tdm_grid_status":"","footnotes":""},"categories":[27],"tags":[],"_links":{"self":[{"href":"https:\/\/dralvarez.com.mx\/larevista\/wp-json\/wp\/v2\/posts\/61658"}],"collection":[{"href":"https:\/\/dralvarez.com.mx\/larevista\/wp-json\/wp\/v2\/posts"}],"about":[{"href":"https:\/\/dralvarez.com.mx\/larevista\/wp-json\/wp\/v2\/types\/post"}],"author":[{"embeddable":true,"href":"https:\/\/dralvarez.com.mx\/larevista\/wp-json\/wp\/v2\/users\/1018"}],"replies":[{"embeddable":true,"href":"https:\/\/dralvarez.com.mx\/larevista\/wp-json\/wp\/v2\/comments?post=61658"}],"version-history":[{"count":0,"href":"https:\/\/dralvarez.com.mx\/larevista\/wp-json\/wp\/v2\/posts\/61658\/revisions"}],"wp:attachment":[{"href":"https:\/\/dralvarez.com.mx\/larevista\/wp-json\/wp\/v2\/media?parent=61658"}],"wp:term":[{"taxonomy":"category","embeddable":true,"href":"https:\/\/dralvarez.com.mx\/larevista\/wp-json\/wp\/v2\/categories?post=61658"},{"taxonomy":"post_tag","embeddable":true,"href":"https:\/\/dralvarez.com.mx\/larevista\/wp-json\/wp\/v2\/tags?post=61658"}],"curies":[{"name":"wp","href":"https:\/\/api.w.org\/{rel}","templated":true}]}}