{"id":61657,"date":"2018-01-16T00:00:00","date_gmt":"2018-01-16T06:00:00","guid":{"rendered":"https:\/\/dralvarez.com.mx\/larevista\/blog\/trabajos-de-alumbrado-publico-en-el-barrio-de-santa-ana-21345"},"modified":"2018-01-16T00:00:00","modified_gmt":"2018-01-16T06:00:00","slug":"trabajos-de-alumbrado-publico-en-el-barrio-de-santa-ana-21345","status":"publish","type":"post","link":"https:\/\/dralvarez.com.mx\/larevista\/compeche\/trabajos-de-alumbrado-publico-en-el-barrio-de-santa-ana-21345","title":{"rendered":"Trabajos de alumbrado p\u00fablico en el barrio de Santa Ana"},"content":{"rendered":"<p>Personal de la Subdirecci\u00f3n de Alumbrado P\u00fablico del Ayuntamiento de Campeche atendi\u00f3 los reportes ciudadanos y repar\u00f3 las luminarias en mal estado en la calle Quer\u00e9taro del tradicional barrio de Santa Ana, para mejorar la iluminaci\u00f3n y otorgar mayor seguridad durante las noches a los vecinos de esta zona.<\/p>\n<p><\/p>\n","protected":false},"excerpt":{"rendered":"<p>Trabajos de alumbrado p\u00fablico en la calle Quer\u00e9taro, del barrio de Santa Ana.<\/p>\n","protected":false},"author":1018,"featured_media":0,"comment_status":"open","ping_status":"open","sticky":false,"template":"","format":"standard","meta":{"tdm_status":"","tdm_grid_status":"","footnotes":""},"categories":[27],"tags":[],"_links":{"self":[{"href":"https:\/\/dralvarez.com.mx\/larevista\/wp-json\/wp\/v2\/posts\/61657"}],"collection":[{"href":"https:\/\/dralvarez.com.mx\/larevista\/wp-json\/wp\/v2\/posts"}],"about":[{"href":"https:\/\/dralvarez.com.mx\/larevista\/wp-json\/wp\/v2\/types\/post"}],"author":[{"embeddable":true,"href":"https:\/\/dralvarez.com.mx\/larevista\/wp-json\/wp\/v2\/users\/1018"}],"replies":[{"embeddable":true,"href":"https:\/\/dralvarez.com.mx\/larevista\/wp-json\/wp\/v2\/comments?post=61657"}],"version-history":[{"count":0,"href":"https:\/\/dralvarez.com.mx\/larevista\/wp-json\/wp\/v2\/posts\/61657\/revisions"}],"wp:attachment":[{"href":"https:\/\/dralvarez.com.mx\/larevista\/wp-json\/wp\/v2\/media?parent=61657"}],"wp:term":[{"taxonomy":"category","embeddable":true,"href":"https:\/\/dralvarez.com.mx\/larevista\/wp-json\/wp\/v2\/categories?post=61657"},{"taxonomy":"post_tag","embeddable":true,"href":"https:\/\/dralvarez.com.mx\/larevista\/wp-json\/wp\/v2\/tags?post=61657"}],"curies":[{"name":"wp","href":"https:\/\/api.w.org\/{rel}","templated":true}]}}