{"id":61645,"date":"2018-01-15T00:00:00","date_gmt":"2018-01-15T06:00:00","guid":{"rendered":"https:\/\/dralvarez.com.mx\/larevista\/blog\/focam-ofrece-creditos-con-tasas-preferenciales-a-empresas-21331"},"modified":"2018-01-15T00:00:00","modified_gmt":"2018-01-15T06:00:00","slug":"focam-ofrece-creditos-con-tasas-preferenciales-a-empresas-21331","status":"publish","type":"post","link":"https:\/\/dralvarez.com.mx\/larevista\/compeche\/focam-ofrece-creditos-con-tasas-preferenciales-a-empresas-21331","title":{"rendered":"FOCAM ofrece cr\u00e9ditos con tasas preferenciales a empresas"},"content":{"rendered":"<p>Fondo Campeche (FOCAM), buscando potenciar el sector empresarial en el Estado, ofrece una l\u00ednea de productos financieros para impulsar a emprendedores, peque\u00f1os productores y a las micro, peque\u00f1as y medianas empresas.<\/p>\n<p>Las personas interesadas en emprender un negocio o hacer crecer su microempresa pueden acceder a los programas de FOCAM, con tasas preferenciales que van desde el 6% hasta el 16% anual, con plazos para pago desde seis meses hasta cinco a\u00f1os, montos de cinco mil hasta 500 mil pesos y con periodos de gracia, dependiendo del proyecto productivo; estas tasas de inter\u00e9s son las m\u00e1s bajas en comparaci\u00f3n con otras financieras.<\/p>\n<p>Por otra parte, FOCAM brinda nuevos esquemas crediticios con instituciones financieras no bancarias para las actividades de autoempleo principalmente, con tasas de inter\u00e9s competitivas y mediante plataformas de fondeo colectivo y financieras tecnol\u00f3gicas, ofreciendo financiamiento \u00e1gil, oportuno y en condiciones preferentes.<\/p>\n<p>Las personas que deseen informaci\u00f3n para acceder a estos cr\u00e9ditos pueden acudir a las oficinas de Fondo Campeche, en la Av. Lavalle Urbina n\u00b0 9 y 12, \u00e1rea Ah-Kim-Pech, Sector Fundadores, en Campeche, o en el interior del Estado en la sucursales de los municipios de Esc\u00e1rcega, Carmen y Calkin\u00ed.<\/p>\n","protected":false},"excerpt":{"rendered":"<p>Buscando potenciar el sector empresarial en el Estado.<\/p>\n","protected":false},"author":1018,"featured_media":0,"comment_status":"open","ping_status":"open","sticky":false,"template":"","format":"standard","meta":{"tdm_status":"","tdm_grid_status":"","footnotes":""},"categories":[27],"tags":[],"_links":{"self":[{"href":"https:\/\/dralvarez.com.mx\/larevista\/wp-json\/wp\/v2\/posts\/61645"}],"collection":[{"href":"https:\/\/dralvarez.com.mx\/larevista\/wp-json\/wp\/v2\/posts"}],"about":[{"href":"https:\/\/dralvarez.com.mx\/larevista\/wp-json\/wp\/v2\/types\/post"}],"author":[{"embeddable":true,"href":"https:\/\/dralvarez.com.mx\/larevista\/wp-json\/wp\/v2\/users\/1018"}],"replies":[{"embeddable":true,"href":"https:\/\/dralvarez.com.mx\/larevista\/wp-json\/wp\/v2\/comments?post=61645"}],"version-history":[{"count":0,"href":"https:\/\/dralvarez.com.mx\/larevista\/wp-json\/wp\/v2\/posts\/61645\/revisions"}],"wp:attachment":[{"href":"https:\/\/dralvarez.com.mx\/larevista\/wp-json\/wp\/v2\/media?parent=61645"}],"wp:term":[{"taxonomy":"category","embeddable":true,"href":"https:\/\/dralvarez.com.mx\/larevista\/wp-json\/wp\/v2\/categories?post=61645"},{"taxonomy":"post_tag","embeddable":true,"href":"https:\/\/dralvarez.com.mx\/larevista\/wp-json\/wp\/v2\/tags?post=61645"}],"curies":[{"name":"wp","href":"https:\/\/api.w.org\/{rel}","templated":true}]}}