{"id":61620,"date":"2018-01-15T00:00:00","date_gmt":"2018-01-15T06:00:00","guid":{"rendered":"https:\/\/dralvarez.com.mx\/larevista\/blog\/claudio-cetina-gomez-reconoce-talento-y-vision-de-emprendedores-campechanos-21304"},"modified":"2018-01-15T00:00:00","modified_gmt":"2018-01-15T06:00:00","slug":"claudio-cetina-gomez-reconoce-talento-y-vision-de-emprendedores-campechanos-21304","status":"publish","type":"post","link":"https:\/\/dralvarez.com.mx\/larevista\/compeche\/claudio-cetina-gomez-reconoce-talento-y-vision-de-emprendedores-campechanos-21304","title":{"rendered":"Claudio Cetina G\u00f3mez reconoce talento y visi\u00f3n de emprendedores campechanos"},"content":{"rendered":"<p>Claudio Cetina G\u00f3mez, jefe de la Oficina del Gobernador, hizo un reconocimiento a los j\u00f3venes emprendedores por contribuir al desarrollo del estado y formar parte del equipo que le est\u00e1 cambiando \u201cel chip\u201d a Campeche, durante la celebraci\u00f3n del segundo aniversario del Instituto Campechano del Emprendedor (ICEM).<\/p>\n<p>Asegur\u00f3 que con la creaci\u00f3n del organismo, dependiente de la Secretar\u00eda de Desarrollo Econ\u00f3mico (Sedeco), se ha dado cumplimiento al compromiso de respaldar el talento y la creatividad del sector empresarial para incentivar el crecimiento econ\u00f3mico y la generaci\u00f3n de nuevos empleos.<\/p>\n<p>\u201cEn la Oficina del Gobernador le damos seguimiento a todos los compromisos que hace el Gobernador y este Instituto fue un compromiso de campa\u00f1a; un compromiso que hoy es realidad\u201d, extern\u00f3.<\/p>\n<p>En el Centro de Convenciones y Exposiciones \u201cCampeche XXI\u201d, coment\u00f3 que en varias ocasiones ha visitado a los empresarios campechanos, para constatar el funcionamiento de sus negocios y platicar c\u00f3mo a trav\u00e9s de los programas se han consolidado y  contribuyen al desarrollo de Campeche. <\/p>\n<p>Previamente, la directora general del Programa de Desarrollo Empresarial del Instituto Nacional del Emprendedor (Inadem), Susana Duque Roquero, reconoci\u00f3 el esfuerzo que ha emprendido la administraci\u00f3n del gobernador Moreno C\u00e1rdenas para impulsar proyectos productivos. <\/p>\n<p>A\u00f1adi\u00f3 que con el trabajo coordinado, los gobiernos federal y estatal  han impulsado el establecimiento de  incubadoras y aceleradoras de negocios; talleres de alta especializaci\u00f3n, fondos de capital de riesgo, entre otras herramientas que permiten impulsar el desarrollo de nuevas empresas. <\/p>\n<p>Inform\u00f3 que desde su creaci\u00f3n, en el 2013, el Inadem ha apoyado a dos mil 224 emprendedores en Campeche con un monto de 345 millones de pesos de recursos del Fondo Nacional Emprendedor y beneficiado a tres mil 138 empresas con acceso a cr\u00e9ditos bancarios por un monto de tres mil 665 millones. <\/p>\n<p>Antes, el secretario de Desarrollo Econ\u00f3mico, Jos\u00e9 Domingo Berzunza Esp\u00ednola, se\u00f1al\u00f3 que Campeche fue el primer estado en implementar el programa de Cr\u00e9dito Joven Tasa Cero, e iniciar con el de emprendimiento infantil.<\/p>\n<p>Se\u00f1al\u00f3 que el estado ocupa un lugar importante en el mapa del emprendimiento nacional, ya que tambi\u00e9n se caracteriza por ser el que mayor participaci\u00f3n tiene en la Semana Nacional del Emprendedor y con m\u00e1s personas inscritas en el Programa de Incubaci\u00f3n en L\u00ednea. <\/p>\n<p>El director del ICEM, Alfonso L\u00f3pez Cruz, indic\u00f3 que el organismo ha beneficiado a m\u00e1s de 20 mil personas en programas de emprendimiento; inscrito a m\u00e1s de ocho mil al Sistema Emprendedor del Inadem; capacitado a m\u00e1s de seis mil y favorecido a 118 emprendedores con el programa Cr\u00e9dito Joven Tasa Cero, adem\u00e1s ha realizado ocho Startup Weekend y el primer Hackathon.<\/p>\n<p>Por su parte, Benhur Orteg\u00f3n Caballero beneficiario del ICEM, pidi\u00f3 a las autoridades seguir impulsando programas de apoyo a los j\u00f3venes creadores para seguir poniendo el nombre de Campeche en alto y posicionar cada vez m\u00e1s productos en los mercados nacionales e internacionales.<\/p>\n<p>Al t\u00e9rmino del evento, Claudio Cetina cort\u00f3 el pastel con motivo del segundo aniversario del ICEM y realiz\u00f3 un recorrido por los stands de comida, artesan\u00eda, helado, caf\u00e9 y productos locales que montaron emprendedores y beneficiarios del Instituto Campechano del Emprendedor. <\/p>\n","protected":false},"excerpt":{"rendered":"<p>Asiste a celebraci\u00f3n de segundo aniversario del ICEM.<\/p>\n","protected":false},"author":1018,"featured_media":0,"comment_status":"open","ping_status":"open","sticky":false,"template":"","format":"standard","meta":{"tdm_status":"","tdm_grid_status":"","footnotes":""},"categories":[27],"tags":[],"_links":{"self":[{"href":"https:\/\/dralvarez.com.mx\/larevista\/wp-json\/wp\/v2\/posts\/61620"}],"collection":[{"href":"https:\/\/dralvarez.com.mx\/larevista\/wp-json\/wp\/v2\/posts"}],"about":[{"href":"https:\/\/dralvarez.com.mx\/larevista\/wp-json\/wp\/v2\/types\/post"}],"author":[{"embeddable":true,"href":"https:\/\/dralvarez.com.mx\/larevista\/wp-json\/wp\/v2\/users\/1018"}],"replies":[{"embeddable":true,"href":"https:\/\/dralvarez.com.mx\/larevista\/wp-json\/wp\/v2\/comments?post=61620"}],"version-history":[{"count":0,"href":"https:\/\/dralvarez.com.mx\/larevista\/wp-json\/wp\/v2\/posts\/61620\/revisions"}],"wp:attachment":[{"href":"https:\/\/dralvarez.com.mx\/larevista\/wp-json\/wp\/v2\/media?parent=61620"}],"wp:term":[{"taxonomy":"category","embeddable":true,"href":"https:\/\/dralvarez.com.mx\/larevista\/wp-json\/wp\/v2\/categories?post=61620"},{"taxonomy":"post_tag","embeddable":true,"href":"https:\/\/dralvarez.com.mx\/larevista\/wp-json\/wp\/v2\/tags?post=61620"}],"curies":[{"name":"wp","href":"https:\/\/api.w.org\/{rel}","templated":true}]}}