{"id":61601,"date":"2018-01-12T00:00:00","date_gmt":"2018-01-12T06:00:00","guid":{"rendered":"https:\/\/dralvarez.com.mx\/larevista\/blog\/alcalde-ehh-supervisa-acciones-de-bacheo-en-palmas-i-21284"},"modified":"2018-01-12T00:00:00","modified_gmt":"2018-01-12T06:00:00","slug":"alcalde-ehh-supervisa-acciones-de-bacheo-en-palmas-i-21284","status":"publish","type":"post","link":"https:\/\/dralvarez.com.mx\/larevista\/compeche\/alcalde-ehh-supervisa-acciones-de-bacheo-en-palmas-i-21284","title":{"rendered":"Alcalde EHH supervisa acciones de bacheo en Palmas I"},"content":{"rendered":"<p>El presidente municipal de Campeche, Edgar Hern\u00e1ndez Hern\u00e1ndez, supervis\u00f3 los trabajos de bacheo en la calle de la unidad habitacional Palmas I, donde las brigadas de la Unidad de Obras P\u00fablicas continuaron con los trabajos de conservaci\u00f3n y mantenimiento para dar respuesta a la ciudadan\u00eda y mejorar las condiciones de las vialidades en este sector de la ciudad.<\/p>\n<p><\/p>\n","protected":false},"excerpt":{"rendered":"<p>Alcalde EHH supervisa acciones de bacheo en Palmas I.<\/p>\n","protected":false},"author":1018,"featured_media":0,"comment_status":"open","ping_status":"open","sticky":false,"template":"","format":"standard","meta":{"tdm_status":"","tdm_grid_status":"","footnotes":""},"categories":[27],"tags":[],"_links":{"self":[{"href":"https:\/\/dralvarez.com.mx\/larevista\/wp-json\/wp\/v2\/posts\/61601"}],"collection":[{"href":"https:\/\/dralvarez.com.mx\/larevista\/wp-json\/wp\/v2\/posts"}],"about":[{"href":"https:\/\/dralvarez.com.mx\/larevista\/wp-json\/wp\/v2\/types\/post"}],"author":[{"embeddable":true,"href":"https:\/\/dralvarez.com.mx\/larevista\/wp-json\/wp\/v2\/users\/1018"}],"replies":[{"embeddable":true,"href":"https:\/\/dralvarez.com.mx\/larevista\/wp-json\/wp\/v2\/comments?post=61601"}],"version-history":[{"count":0,"href":"https:\/\/dralvarez.com.mx\/larevista\/wp-json\/wp\/v2\/posts\/61601\/revisions"}],"wp:attachment":[{"href":"https:\/\/dralvarez.com.mx\/larevista\/wp-json\/wp\/v2\/media?parent=61601"}],"wp:term":[{"taxonomy":"category","embeddable":true,"href":"https:\/\/dralvarez.com.mx\/larevista\/wp-json\/wp\/v2\/categories?post=61601"},{"taxonomy":"post_tag","embeddable":true,"href":"https:\/\/dralvarez.com.mx\/larevista\/wp-json\/wp\/v2\/tags?post=61601"}],"curies":[{"name":"wp","href":"https:\/\/api.w.org\/{rel}","templated":true}]}}