{"id":61592,"date":"2018-01-12T00:00:00","date_gmt":"2018-01-12T06:00:00","guid":{"rendered":"https:\/\/dralvarez.com.mx\/larevista\/blog\/inician-inscripciones-al-programa-internacional-de-cardiologia-disfrutar-de-la-vida-nos-hace-grandes-de-corazon-21275"},"modified":"2018-01-12T00:00:00","modified_gmt":"2018-01-12T06:00:00","slug":"inician-inscripciones-al-programa-internacional-de-cardiologia-disfrutar-de-la-vida-nos-hace-grandes-de-corazon-21275","status":"publish","type":"post","link":"https:\/\/dralvarez.com.mx\/larevista\/compeche\/inician-inscripciones-al-programa-internacional-de-cardiologia-disfrutar-de-la-vida-nos-hace-grandes-de-corazon-21275","title":{"rendered":"Inician inscripciones al programa internacional de cardiolog\u00eda \u201cDisfrutar de la vida nos hace grandes de coraz\u00f3n\u201d"},"content":{"rendered":"<p>El Sistema Estatal para el Desarrollo Integral de la Familia (DIF) informa a los padres o tutores con pacientes de 0 a 14 a\u00f1os que presentan afecciones cardiacas y que no cuentan con el servicio de seguridad social, que las inscripciones al programa internacional de cardiolog\u00eda \u201cDisfrutar de la vida nos hace grandes de Coraz\u00f3n\u201d se encuentran abiertas hasta el 5 de febrero.<\/p>\n<p>Las inscripciones se realizar\u00e1n en la Coordinaci\u00f3n de Gesti\u00f3n M\u00e9dica del DIF Estatal, ubicada en la calle 8, n\u00famero 303 (edificio ex CENDI-ISSSTECAM), Centro Hist\u00f3rico, y en  las \u00e1reas m\u00e9dicas de los 11 DIF de cada municipio, en horarios de 08:00 a 14:00 horas de lunes a viernes.<\/p>\n<p>El d\u00eda de las valoraciones el paciente debe de presentar un diagn\u00f3stico m\u00e9dico indicando la afecci\u00f3n card\u00edaca, ex\u00e1menes de Rayos X, tele de t\u00f3rax y electrocardiograma, y su p\u00f3liza del Seguro Popular.<\/p>\n<p>Este a\u00f1o, las valoraciones se llevar\u00e1n a cabo los d\u00edas 5 y 6 de febrero, en el Hospital General de Especialidades M\u00e9dicas \u201cDr. Javier Buenfil Osorio\u201d, donde el equipo de trabajo de Thomas Becker realizar\u00e1 los ex\u00e1menes, seleccionando a los pacientes debido a la gravedad de su afecci\u00f3n.<\/p>\n<p>El programa internacional de cardiolog\u00eda es producto de la uni\u00f3n del DIF Estatal, el Medical Center y la Secretar\u00eda de Salud; cabe se\u00f1alar que durante la campa\u00f1a 2017 se valoraron 134 pacientes y se operaron siete en el Mercy Medical  Center, en la ciudad de Des Moines, Iowa, USA.<\/p>\n","protected":false},"excerpt":{"rendered":"<p>Las inscripciones se realizar\u00e1n en la Coordinaci\u00f3n de Gesti\u00f3n M\u00e9dica del DIF Estatal.<\/p>\n","protected":false},"author":1018,"featured_media":0,"comment_status":"open","ping_status":"open","sticky":false,"template":"","format":"standard","meta":{"tdm_status":"","tdm_grid_status":"","footnotes":""},"categories":[27],"tags":[],"_links":{"self":[{"href":"https:\/\/dralvarez.com.mx\/larevista\/wp-json\/wp\/v2\/posts\/61592"}],"collection":[{"href":"https:\/\/dralvarez.com.mx\/larevista\/wp-json\/wp\/v2\/posts"}],"about":[{"href":"https:\/\/dralvarez.com.mx\/larevista\/wp-json\/wp\/v2\/types\/post"}],"author":[{"embeddable":true,"href":"https:\/\/dralvarez.com.mx\/larevista\/wp-json\/wp\/v2\/users\/1018"}],"replies":[{"embeddable":true,"href":"https:\/\/dralvarez.com.mx\/larevista\/wp-json\/wp\/v2\/comments?post=61592"}],"version-history":[{"count":0,"href":"https:\/\/dralvarez.com.mx\/larevista\/wp-json\/wp\/v2\/posts\/61592\/revisions"}],"wp:attachment":[{"href":"https:\/\/dralvarez.com.mx\/larevista\/wp-json\/wp\/v2\/media?parent=61592"}],"wp:term":[{"taxonomy":"category","embeddable":true,"href":"https:\/\/dralvarez.com.mx\/larevista\/wp-json\/wp\/v2\/categories?post=61592"},{"taxonomy":"post_tag","embeddable":true,"href":"https:\/\/dralvarez.com.mx\/larevista\/wp-json\/wp\/v2\/tags?post=61592"}],"curies":[{"name":"wp","href":"https:\/\/api.w.org\/{rel}","templated":true}]}}