{"id":61590,"date":"2018-01-12T00:00:00","date_gmt":"2018-01-12T06:00:00","guid":{"rendered":"https:\/\/dralvarez.com.mx\/larevista\/blog\/christelle-castanon-de-moreno-encabeza-magno-festival-de-dia-de-reyes-en-palizada-21273"},"modified":"2018-01-12T00:00:00","modified_gmt":"2018-01-12T06:00:00","slug":"christelle-castanon-de-moreno-encabeza-magno-festival-de-dia-de-reyes-en-palizada-21273","status":"publish","type":"post","link":"https:\/\/dralvarez.com.mx\/larevista\/compeche\/christelle-castanon-de-moreno-encabeza-magno-festival-de-dia-de-reyes-en-palizada-21273","title":{"rendered":"Christelle Casta\u00f1\u00f3n de Moreno encabeza magno festival de d\u00eda de Reyes en Palizada"},"content":{"rendered":"<p>Una divertida tarde vivieron las ni\u00f1as y ni\u00f1os del municipio de Palizada al recibir a la Presidenta del Patronato del DIF Estatal, Christelle Casta\u00f1\u00f3n de Moreno, acompa\u00f1ada de los Reyes Magos para entregarles juguetes, adem\u00e1s de cortar una rosca, y recibir un mensaje de paz, armon\u00eda, fortaleza y de buenos deseos para este a\u00f1o que inicia.<\/p>\n<p>En su mensaje, Casta\u00f1\u00f3n de Moreno agradeci\u00f3 el recibimiento de las autoridades, deseando lo mejor para las familias palice\u00f1as en este a\u00f1o que inicia; asimismo, de parte de su esposo, el Gobernador del Estado, Alejandro Moreno C\u00e1rdenas, les transmiti\u00f3 un saludo y reafirm\u00f3 el compromiso del DIF Estatal para con los habitantes de este pueblo m\u00e1gico, al decirles que la instituci\u00f3n siempre ser\u00e1 una mano amiga para atender sus necesidades a trav\u00e9s de diferentes programas sociales que ejecutan a favor de los m\u00e1s vulnerables.<\/p>\n<p>Al magno evento celebrado en la cancha de usos m\u00faltiples del DIF Municipal Palizada, llegaron Melchor, Gaspar y Baltazar saludando a los asistentes, y como muestra de bienvenida se realiz\u00f3 un festival art\u00edstico donde ni\u00f1as y ni\u00f1os presentaron diferentes bailes.<\/p>\n<p>Como parte del festival, el payaso \u201cCrisp\u00edn\u201d  realiz\u00f3 concursos  donde participaron los ni\u00f1os y sus pap\u00e1s, adem\u00e1s, todos recibieron juguetes a la entrada y participaron en la rifa de otros m\u00e1s, que consistieron en bicicletas, triciclos, monopatines,  mu\u00f1ecas, carritos, aviones, juegos de mesa, entre otros.<\/p>\n<p>Al festival asistieron la Directora General del DIF, Silvia Elena Parrao Arceo; el alcalde Pedro Javier Ayala C\u00e1mara; la Directora de Desarrollo Familiar y Voluntariado del DIF Estatal, Sonia Castilla Trevi\u00f1o; la promotora de Salud, Jamile Selem de Rodr\u00edguez, as\u00ed como la Presidenta del DIF Palizada, Mirna Fernanda Ayala Dorantes, quien dio la bienvenida a las autoridades y agradeci\u00f3 a Christelle Casta\u00f1\u00f3n de Moreno, por preservar esta tradici\u00f3n y entregar un presente a los ni\u00f1os.<\/p>\n","protected":false},"excerpt":{"rendered":"<p>Una divertida tarde vivieron las ni\u00f1as y ni\u00f1os del municipio de Palizada.<\/p>\n","protected":false},"author":1018,"featured_media":0,"comment_status":"open","ping_status":"open","sticky":false,"template":"","format":"standard","meta":{"tdm_status":"","tdm_grid_status":"","footnotes":""},"categories":[27],"tags":[],"_links":{"self":[{"href":"https:\/\/dralvarez.com.mx\/larevista\/wp-json\/wp\/v2\/posts\/61590"}],"collection":[{"href":"https:\/\/dralvarez.com.mx\/larevista\/wp-json\/wp\/v2\/posts"}],"about":[{"href":"https:\/\/dralvarez.com.mx\/larevista\/wp-json\/wp\/v2\/types\/post"}],"author":[{"embeddable":true,"href":"https:\/\/dralvarez.com.mx\/larevista\/wp-json\/wp\/v2\/users\/1018"}],"replies":[{"embeddable":true,"href":"https:\/\/dralvarez.com.mx\/larevista\/wp-json\/wp\/v2\/comments?post=61590"}],"version-history":[{"count":0,"href":"https:\/\/dralvarez.com.mx\/larevista\/wp-json\/wp\/v2\/posts\/61590\/revisions"}],"wp:attachment":[{"href":"https:\/\/dralvarez.com.mx\/larevista\/wp-json\/wp\/v2\/media?parent=61590"}],"wp:term":[{"taxonomy":"category","embeddable":true,"href":"https:\/\/dralvarez.com.mx\/larevista\/wp-json\/wp\/v2\/categories?post=61590"},{"taxonomy":"post_tag","embeddable":true,"href":"https:\/\/dralvarez.com.mx\/larevista\/wp-json\/wp\/v2\/tags?post=61590"}],"curies":[{"name":"wp","href":"https:\/\/api.w.org\/{rel}","templated":true}]}}