{"id":61589,"date":"2018-01-12T00:00:00","date_gmt":"2018-01-12T06:00:00","guid":{"rendered":"https:\/\/dralvarez.com.mx\/larevista\/blog\/impulsar-cambios-desde-la-educacion-es-compromiso-y-responsabilidad-de-los-lideres-educativos-medina-farfan-21272"},"modified":"2018-01-12T00:00:00","modified_gmt":"2018-01-12T06:00:00","slug":"impulsar-cambios-desde-la-educacion-es-compromiso-y-responsabilidad-de-los-lideres-educativos-medina-farfan-21272","status":"publish","type":"post","link":"https:\/\/dralvarez.com.mx\/larevista\/compeche\/impulsar-cambios-desde-la-educacion-es-compromiso-y-responsabilidad-de-los-lideres-educativos-medina-farfan-21272","title":{"rendered":"Impulsar cambios desde la educaci\u00f3n, es compromiso y responsabilidad de los l\u00edderes educativos: Medina Farf\u00e1n"},"content":{"rendered":"<p>\u201cUn l\u00edder capaz de transformar se convierte en un motor para generar cambios, y ustedes como directivos tienen esa capacidad y esa responsabilidad, para transformar las escuelas, e impulsar desde la educaci\u00f3n esos cambios perceptibles, con responsabilidad y compromiso para dar resultados\u201d, afirm\u00f3 el titular de la Secretar\u00eda de Educaci\u00f3n de Campeche (SEDUC), Ricardo Medina Farf\u00e1n, al encabezar el inicio de la capacitaci\u00f3n a directivos de planteles beneficiarios del programa de innovaci\u00f3n y tecnolog\u00eda en las escuelas \u201cAprender en Grande\u201d, que se desarrolla en colaboraci\u00f3n con Google for Education.<\/p>\n<p>Ante los 24 directores de las escuelas p\u00fablicas pertenecientes a los diferentes subsistemas de nivel medio superior en Campeche participantes, en el edificio B de esta dependencia estatal, el titular de la SEDUC indic\u00f3 que esta capacitaci\u00f3n estuvo orientada a familiarizarlos con el uso de los equipos de c\u00f3mputo (Chromebooks) que recibieron a fin de que, al conocer sobre estos, sirvan de acompa\u00f1amiento para su implementaci\u00f3n en las aulas.<\/p>\n<p>\u201cUstedes podr\u00e1n impulsar el uso de esta importante herramienta con los maestros, podr\u00e1n identificar las mejores oportunidades para poder echarlo a andar en clase, para poder usarlo incluso para la mejora administrativa y que esto tambi\u00e9n represente la descarga en tiempos para los docentes y que se vuelva algo \u00fatil que impacte en todo el \u00e1mbito educativo que les corresponde; conf\u00edo en que, con su liderazgo, esta propuesta tecnol\u00f3gica, pueda aterrizarse y lograr resultados efectivos\u201d, puntualiz\u00f3.<\/p>\n<p>Durante su mensaje, Medina Farf\u00e1n destac\u00f3 que el personal directivo podr\u00e1 abonar tambi\u00e9n al apoyo y b\u00fasqueda de soluciones e implementaci\u00f3n de estrategias a los 632 docentes participantes del programa, as\u00ed como a los m\u00e1s de 15 mil alumnos beneficiarios de los colegios que representan.<\/p>\n<p>Record\u00f3 la importancia de este programa y reiter\u00f3 es el m\u00e1s grande en su \u00e1mbito en Latinoam\u00e9rica, ya que tan solo en su primera etapa se est\u00e1 cubriendo a m\u00e1s del 50 por ciento de los estudiantes de bachillerato de todas las instituciones p\u00fablicas de la geograf\u00eda, y la meta es cubrir al cien por ciento de ellos, por lo que dijo los resultados pueden ser transformadores en el esquema educativo.<\/p>\n<p>Cabe mencionar que esta capacitaci\u00f3n estuvo a cargo de Jordi Rosquillas, director de la empresa \u201cEdvolution\u201d, que trabaja en conjunto con Google For Education, as\u00ed como C\u00e9sar Loeza, director de Educaci\u00f3n de la organizaci\u00f3n UNETE.<\/p>\n","protected":false},"excerpt":{"rendered":"<p>*Capacitan a directivos beneficiarios de programa de innovaci\u00f3n y tecnolog\u00eda &#8220;Aprender en Grande&#8221;.<\/p>\n","protected":false},"author":1018,"featured_media":0,"comment_status":"open","ping_status":"open","sticky":false,"template":"","format":"standard","meta":{"tdm_status":"","tdm_grid_status":"","footnotes":""},"categories":[27],"tags":[],"_links":{"self":[{"href":"https:\/\/dralvarez.com.mx\/larevista\/wp-json\/wp\/v2\/posts\/61589"}],"collection":[{"href":"https:\/\/dralvarez.com.mx\/larevista\/wp-json\/wp\/v2\/posts"}],"about":[{"href":"https:\/\/dralvarez.com.mx\/larevista\/wp-json\/wp\/v2\/types\/post"}],"author":[{"embeddable":true,"href":"https:\/\/dralvarez.com.mx\/larevista\/wp-json\/wp\/v2\/users\/1018"}],"replies":[{"embeddable":true,"href":"https:\/\/dralvarez.com.mx\/larevista\/wp-json\/wp\/v2\/comments?post=61589"}],"version-history":[{"count":0,"href":"https:\/\/dralvarez.com.mx\/larevista\/wp-json\/wp\/v2\/posts\/61589\/revisions"}],"wp:attachment":[{"href":"https:\/\/dralvarez.com.mx\/larevista\/wp-json\/wp\/v2\/media?parent=61589"}],"wp:term":[{"taxonomy":"category","embeddable":true,"href":"https:\/\/dralvarez.com.mx\/larevista\/wp-json\/wp\/v2\/categories?post=61589"},{"taxonomy":"post_tag","embeddable":true,"href":"https:\/\/dralvarez.com.mx\/larevista\/wp-json\/wp\/v2\/tags?post=61589"}],"curies":[{"name":"wp","href":"https:\/\/api.w.org\/{rel}","templated":true}]}}