{"id":61560,"date":"2018-01-12T00:00:00","date_gmt":"2018-01-12T06:00:00","guid":{"rendered":"https:\/\/dralvarez.com.mx\/larevista\/blog\/da-inicio-el-gobernador-alejandro-moreno-a-la-construccion-del-centro-de-evaluacion-y-formacion-continua-docente-21242"},"modified":"2018-01-12T00:00:00","modified_gmt":"2018-01-12T06:00:00","slug":"da-inicio-el-gobernador-alejandro-moreno-a-la-construccion-del-centro-de-evaluacion-y-formacion-continua-docente-21242","status":"publish","type":"post","link":"https:\/\/dralvarez.com.mx\/larevista\/compeche\/da-inicio-el-gobernador-alejandro-moreno-a-la-construccion-del-centro-de-evaluacion-y-formacion-continua-docente-21242","title":{"rendered":"Da inicio el Gobernador Alejandro Moreno a la construcci\u00f3n del Centro de Evaluaci\u00f3n y Formaci\u00f3n Continua Docente"},"content":{"rendered":"<\/p>\n<p>El gobernador Alejandro Moreno C\u00e1rdenas, coloc\u00f3 la primera piedra del Centro de Evaluaci\u00f3n y Formaci\u00f3n<br \/>\nContinua del Magisterio del Estado de Campeche, en cuya construcci\u00f3n y<br \/>\nequipamiento se invertir\u00e1n 20 millones de pesos; entreg\u00f3 27 nombramientos de<br \/>\nsupervisores, directores y maestros de preescolar, primaria y secundaria, y<br \/>\nfirm\u00f3 como testigo de honor, un convenio para que se otorguen facilidades a<br \/>\ndocentes en la adquisici\u00f3n de viviendas en el residencial \u201cSan Francisco\u201d, de<br \/>\nesta ciudad.<\/p>\n<p>Ante unos 400 docentes que asistieron al<br \/>\nevento, realizado en el terreno donde se edificar\u00e1 el Centro de Evaluaci\u00f3n,<br \/>\nlocalizado en la avenida Maestros Campechanos,<br \/>\nMoreno C\u00e1rdenas expres\u00f3 su<br \/>\nreconocimiento a los educadores locales por el compromiso que tienen con el<br \/>\nfortalecimiento de la ense\u00f1anza de calidad, y que hoy los coloca como ejemplo a<br \/>\nnivel nacional.<\/p>\n<p>Se<br \/>\ncomprometi\u00f3 a que el edificio est\u00e9 terminado dentro de cuatro meses, pues es un<br \/>\nespacio fundamental para que tengan mayor capacitaci\u00f3n y preparaci\u00f3n<br \/>\nprofesional. \u201cLo \u00fanico que puedo decir y reiterarle al sector magisterial, a<br \/>\nlas maestras, a los maestros campechanos, a todos quienes integran este pilar, base<br \/>\ns\u00f3lida y fortaleza del desarrollo de Campeche que es la educaci\u00f3n, muchas<br \/>\ngracias. Muchas gracias porque hoy, las maestras y los maestros campechanos son<br \/>\nun ejemplo a nivel nacional\u201d, remarc\u00f3.<\/p>\n<p>Indic\u00f3<br \/>\nque con el respaldo del presidente Enrique Pe\u00f1a Nieto, su gobierno sigue<br \/>\ntrabajando para avanzar en la modernizaci\u00f3n de la infraestructura educativa del<br \/>\nestado.<\/p>\n<p>Acompa\u00f1ado<br \/>\ndel representante de la empresa Soltrex, Mauricio Merino Sosa, el Gobernador<br \/>\nasegur\u00f3 que la firma de convenio con esta empresa permitir\u00e1 que los maestros<br \/>\npuedan  acceder a mejores viviendas; mientras<br \/>\nque la entrega de nombramientos, dijo, reconoce el  esfuerzo y la dedicaci\u00f3n de los profesores,<br \/>\ndejando en claro el compromiso que tienen con la educaci\u00f3n en Campeche.<\/p>\n<p>Moreno<br \/>\nC\u00e1rdenas, subray\u00f3 que durante el 2018 mantendr\u00e1 una fuerte din\u00e1mica de trabajo<br \/>\npara acelerar la transformaci\u00f3n de Campeche, con m\u00e1s obras de infraestructura<br \/>\ncomo las que se est\u00e1n construyendo en esta ciudad y El Carmen, entre ellos el<br \/>\ndistribuidor vial Gobernadores, la ampliaci\u00f3n de la avenida Pedro Sainz de<br \/>\nBaranda, el nuevo parque Moch Couoh, el nuevo puente de La Unidad y la Ciudad Deportiva.<\/p>\n<p>Antes,<br \/>\nel secretario de Educaci\u00f3n, Ricardo Medina Farf\u00e1n, explic\u00f3 que el Centro de<br \/>\nEvaluaci\u00f3n y Formaci\u00f3n Continua del Magisterio, con una inversi\u00f3n de 20<br \/>\nmillones de pesos, tendr\u00e1 instalaciones con las condiciones de infraestructura,<br \/>\nconectividad y equipos tecnol\u00f3gicos para que los maestros puedan prepararse en<br \/>\nlos procesos de evaluaci\u00f3n, adem\u00e1s de capacitarse para aplicar en las aulas<br \/>\nideas innovadoras a los estudiantes.<\/p>\n<p>Dijo<br \/>\nque los 27 nombramientos entregados a supervisores, directores y docentes de<br \/>\nprescolar, primaria y secundaria, fue por los resultados favorables obtenidos<br \/>\nen la evaluaci\u00f3n de promoci\u00f3n del a\u00f1o pasado; mientras que, con la firma de<br \/>\nconvenio para apoyo a la vivienda entre el SNTE y la empresa SOLTREX, se dar\u00e1n<br \/>\nfacilidades en la adquisici\u00f3n de viviendas denominadas Armon\u00eda y Armon\u00eda Plus,<br \/>\nen el residencial \u201cSan Francisco\u201d.<\/p>\n<p>De<br \/>\nigual forma, dio a conocer que para este 2018, debido a las gestiones del gobernador<br \/>\nMoreno C\u00e1rdenas ante el secretario de Educaci\u00f3n, Otto Granados Rold\u00e1n, se<br \/>\nejercer\u00e1 un presupuesto de ocho millones de pesos para la formaci\u00f3n continua<br \/>\ndocente, seis millones m\u00e1s de lo que se destin\u00f3 el a\u00f1o pasado.<\/p>\n<p>Por su<br \/>\nparte, el director general del Instituto Estatal de la Infraestructura F\u00edsica<br \/>\nEducativa del Estado de Campeche (Inifeec), H\u00e9ctor Manuel Atocha P\u00e9rez,<br \/>\nespecific\u00f3 que el Centro de Evaluaci\u00f3n y Formaci\u00f3n Continua se construir\u00e1 en un<br \/>\nterreno de cuatro mil 182 metros cuadros, y constar\u00e1 de \u00e1reas administrativas,<br \/>\ndirecci\u00f3n, vest\u00edbulo, never\u00eda, salas de c\u00f3mputo y de usos m\u00faltiples con<br \/>\ncapacidad para 350 maestros, entre otras.<\/p>\n<p>Finalmente,<br \/>\nel secretario general de la Secci\u00f3n IV del Sindicato Nacional de Trabajadores<br \/>\nde la Educaci\u00f3n, Mois\u00e9s Maas Cab, reconoci\u00f3 que el gobierno estatal ha<br \/>\nrespaldado a los maestros campechanos para que tengan mayores oportunidades de<br \/>\ncapacitaci\u00f3n y mejoren sus niveles de vida. <\/p>\n<p>Al evento<br \/>\nasisti\u00f3, tambi\u00e9n, el presidente municipal de Campeche, Edgar Hern\u00e1ndez<br \/>\nHern\u00e1ndez; el titular del Poder Judicial, Miguel \u00c1ngel Chuc L\u00f3pez; los<br \/>\ndelegados de la SEP, Rafael Alcal\u00e1 Ortiz, y del Conafe, Rom\u00e1n Acosta Estrella,<br \/>\ny el diputado Jos\u00e9 Guadalupe Guzm\u00e1n Chi, representante de la Comisi\u00f3n de Educaci\u00f3n<br \/>\nante el Congreso local.<\/p>\n<\/p>\n<p><b>Palabras del Gobernador del Estado, Alejandro Moreno C\u00e1rdenas<\/b><\/p>\n<p>Antes de iniciar, como bien lo dijo el maestro Mois\u00e9s Cab, quiero pedirles a todos un minuto de silencio en la memoria del maestro C\u00e9sar Fabi\u00e1n Rodr\u00edguez, fallecido en el lamentable accidente del d\u00eda de hoy por la ma\u00f1ana cuando asist\u00edan a sus labores. Muchas gracias a todos.<\/p>\n<p>Como bien se ha dicho aqu\u00ed, hoy fue un lamentable accidente en las primeras horas de este d\u00eda y lamentablemente falleci\u00f3 nuestro maestro y estamos atendiendo, muy puntualmente, con la Secretar\u00eda de Educaci\u00f3n, con la Secci\u00f3n IV del Sindicato, la atenci\u00f3n de los lesionados de este accidente. Nuestra solidaridad y respaldo a las familias, a su familia, y ah\u00ed estaremos muy presentes.<\/p>\n<p>Amigas y amigos, maestros, con el permiso del pres\u00eddium, saludo afectuosamente al secretario de Educaci\u00f3n, Ricardo Medina; al dirigente de la Secci\u00f3n IV, al maestro Mois\u00e9s Cab; a los representantes de los Poderes Legislativo y Judicial; servidores p\u00fablicos estatales, federales y municipales; Presidente Municipal; maestras, maestros; amigas y amigos todos.<\/p>\n<p>Este es un d\u00eda muy importante y muy importante porque deja claro que Campeche s\u00f3lo dar\u00e1 pasos firmes, claros y contundentes, trabajando en equipo. Hoy, lo \u00fanico que les puedo decir y reiterarle al sector magisterial, a las maestras, a los maestros campechanos, a todos quienes integran este pilar, base s\u00f3lida y fortaleza del desarrollo de Campeche, que es la educaci\u00f3n, muchas gracias. Muchas gracias porque hoy, las maestras y los maestros campechanos son un ejemplo a nivel nacional.<\/p>\n<p>Hoy se habla de Campeche a nivel nacional en el tema educativo, en el tema comprometido de responsabilidad, con maestros no s\u00f3lo que se comprometen y cumplen; con maestros que atienden a miles de ni\u00f1as, ni\u00f1os y adolescentes, con el mejor trato, con principios, con valores. Porque lo m\u00e1s importante que hay que reconocerles y valorarles a los maestros, no s\u00f3lo es su esfuerzo, su dedicaci\u00f3n y su trabajo, es que los que est\u00e1n aqu\u00ed, much\u00edsimos, y los que no est\u00e1n aqu\u00ed, cuidan todos los d\u00edas a ni\u00f1as, a ni\u00f1os, a adolescentes que no son sus hijos.<\/p>\n<p>Y que tienen una doble responsabilidad, cuidarlos como si fueran sus hijos y prepararlos todos y cada uno de los d\u00edas; por eso, al magisterio campechano mi reconocimiento, mi aprecio para siempre por su compromiso y por su trabajo. Y este d\u00eda nos deja claro el compromiso de trabajar juntos.<\/p>\n<p>Se inician los trabajos de este Centro de Evaluaci\u00f3n y Formaci\u00f3n Continua, fundamental para que nuestras maestras y maestros sigan teniendo mayor capacitaci\u00f3n, mayor preparaci\u00f3n y tengamos, como hoy los tenemos, a los mejores maestros en Campeche; a los maestros que han preparado a miles de ni\u00f1as, ni\u00f1os y j\u00f3venes campechanos para que enfrenten los retos y los grandes desaf\u00edos que tienen por delante.<\/p>\n<p>Y hoy lo digo como es, aqu\u00ed en Campeche saben ustedes que su amigo el Gobernador es gente comprometida y que le gusta resolver y gestionar las mayores necesidades que tiene el Estado, pero cumplir en tiempo y forma. Porque lo he dicho claro, siempre, los ciudadanos est\u00e1n hartos de la corrupci\u00f3n, los ciudadanos est\u00e1n hartos de la impunidad, pero les voy a decir que los ciudadanos est\u00e1n m\u00e1s hartos de los pol\u00edticos que prometen y no cumplen.<\/p>\n<p>Y hoy quiero decirles que aqu\u00ed estamos, cumpliendo una vez m\u00e1s un compromiso y hago el compromiso con ustedes a que a m\u00e1s tardar, en los pr\u00f3ximos cuatro meses&#8230; Y aqu\u00ed se lo digo a H\u00e9ctor, porque va en prenda mi compromiso, vamos a estar inaugurando el Centro de Evaluaci\u00f3n Continua aqu\u00ed en Campeche. As\u00ed que es un compromiso, H\u00e9ctor, y lo vamos a inaugurar.<br \/>Y tambi\u00e9n, decirles que con el INIFEEC, con H\u00e9ctor, hemos trabajado mucho en la infraestructura educativa, gestionando como nunca recursos\u2026 La base y el \u00e9xito fundamental de un gobierno, es trabajar en equipo y es gestionar y gestionar m\u00e1s recursos todos los d\u00edas.<\/p>\n<p>Lo digo siempre, nadie nos va a regalar nada, nadie va a hacer por nosotros lo que nos toca hacer a los campechanos; lleg\u00f3 la hora y el momento de Campeche, de demostrar de qu\u00e9 estamos hechos, de dejar claro que s\u00f3lo trabajando en equipo estaremos consolidando y construyendo el mejor Campeche de todos los tiempos. Y tambi\u00e9n dando oportunidades, trayendo mejores beneficios, juntos.<\/p>\n<p>Aqu\u00ed, en esta firma de convenio tambi\u00e9n, para que puedan acceder a mejores viviendas, a tener viviendas con calidad\u2026 Y saludo a Mauricio Merino, de la empresa Soltrex, por este compromiso con la Secci\u00f3n IV que permitir\u00e1 tener mayores beneficios, mejores oportunidades, a las maestras y a los maestros de Campeche. Y tambi\u00e9n, aprovechar para reconocer que lo que hoy tenemos, lo que hoy se reconoce, es un esfuerzo, que quede claro y que se escuche muy bien; es un esfuerzo de ustedes, es su m\u00e9rito, es su trabajo, es su dedicaci\u00f3n\u2026 Hoy, con la entrega de nombramientos a directores, a subdirectores, a supervisores, queda claro que es el esfuerzo y el compromiso de todos y de cada uno de ustedes.<\/p>\n<p>Y eso es lo que tenemos que construir en nuestro Estado, tener actitud, tener voluntad y tener un compromiso que es el m\u00e1s importante para los que tenemos una responsabilidad p\u00fablica para con nuestra gente: Cumplir, darles soluciones a las demandas de los ciudadanos. Lo digo siempre porque en eso creo y estoy convencido, los campechanos no estamos hechos para alcanzar metas cortas, los campechanos no estamos para alcanzar l\u00edmites cercanos; los campechanos estamos para lograr las m\u00e1s grandes haza\u00f1as y los m\u00e1s grandes \u00e9xitos.<\/p>\n<p>Para eso trabajo todos los d\u00edas, no s\u00f3lo para ser un buen Gobernador, para ser el mejor Gobernador, para atender a nuestra gente, para escuchar a nuestra gente, para que se hable bien de Campeche todos los d\u00edas. Todos los que estamos aqu\u00ed, tenemos una enorme responsabilidad: Presumir a nuestro Estado, presumir nuestro turismo, presumir nuestra riqueza cultural, presumir nuestra riqueza natural. Hoy, eso es lo que nos hace fuertes, hablar bien de nuestro Estado.<\/p>\n<p>Los primeros que debemos de hablar bien de nuestro Estado somos nosotros, orgullosos de lo que somos. Todos ustedes me conocen, no tuve pap\u00e1 rico ni pap\u00e1 pol\u00edtico, a m\u00ed me cost\u00f3 much\u00edsimo trabajo llegar a ser Gobernador. Me prepar\u00e9 toda mi vida y no tengan duda que esta es mi oportunidad y la voy a aprovechar, porque s\u00f3lo tenemos una oportunidad de gobernar bien y la m\u00eda es esta. Hay que gobernar con la gente, hay que gobernar con el pueblo, pero hay que gobernar con hechos, con resultados a favor de los ciudadanos. Hoy se construyen grandes obras en nuestro Estado, esfuerzo de todos los campechanos.<\/p>\n<p>Hoy estamos construyendo, por ejemplo, el distribuidor vial en La R\u00eda, en la avenida Gobernadores, el primer segundo piso en nuestro Estado; estamos construyendo la entrada a la Pedro Sainz de Baranda, para que tenga seis carriles la entrada a Campeche; estamos construyendo el Parque de Moch Cohu\u00f3; estamos construyendo las fuentes; estamos construyendo el Puente de La Unidad; estamos construyendo la Ciudad Deportiva. Y vamos a seguir construyendo grandes obras para el Estado, pero eso s\u00f3lo se logra trabajando en equipo.<\/p>\n<p>Y as\u00ed como lo hicimos en gesti\u00f3n, tenemos que tener claro que tenemos a un gran aliado en nuestro pa\u00eds el d\u00eda de hoy. El Presidente de la Rep\u00fablica, Enrique Pe\u00f1a Nieto, es el Presidente que m\u00e1s ha apoyado a Campeche. Me ha apoyado como nunca con recursos y con programas para los campechanos, y eso tenemos que hacer todos los d\u00edas. Vienen tiempos importantes para Campeche; tenemos que estar claros; tenemos que estar ciertos; tenemos que tener, nosotros, la claridad de qu\u00e9 es lo que queremos para Campeche. Queremos seguir teniendo paz, armon\u00eda, tranquilidad, buena convivencia, un Estado donde todos podemos compartir y trabajar con nuestra familia, en armon\u00eda.<\/p>\n<p>Hoy, necesitamos tener destino y tener rumbo; hoy, necesitamos tener proyecto y tener programa; hoy, necesitamos construir el mejor M\u00e9xico y el mejor Campeche de nuestra generaci\u00f3n; y ello nos permitir\u00e1 generar m\u00e1s oportunidades a los j\u00f3venes, a las mujeres, a los adultos mayores.<br \/>Ustedes lo saben, \u00bfqui\u00e9n de los que est\u00e1 aqu\u00ed no tiene un hermano, un primo, un hijo, un sobrino, un amigo, que haya terminado una carrera y no tenga un empleo? Y tenemos que trabajar para que los t\u00edtulos profesionales de los j\u00f3venes, se conviertan en empleos reales. Hoy estamos trabajando para ello, todos los d\u00edas, pero necesitamos no s\u00f3lo tener voluntad y tener actitud; necesitamos trabajar en equipo.<\/p>\n<p>Por ello, se los digo con toda firmeza y con toda claridad: En mi Gobierno, ley y firmeza, pol\u00edtica y di\u00e1logo. Nadie por encima de la ley, los recursos son de la gente, los recursos son para las obras y para la infraestructura, los recursos se tienen que invertir en obras como estas para darles m\u00e1s y mejores oportunidades a los campechanos. Quiero terminar dici\u00e9ndole a este gran auditorio, a mujeres y hombres inteligentes, comprometidos, y que tienen claro el compromiso de que tenemos que transformar y desarrollar al Estado de Campeche, como una prioridad.<\/p>\n<p>Es nuestro momento y es nuestra hora\u2026 Hace unos meses cumpl\u00ed 42 a\u00f1os de edad\u2026 25 a\u00f1os de servirle a Campeche y quiero decirles a todos ustedes que me siento muy orgulloso de haberle dado mi tiempo, de darle mi tiempo a las familias campechanas. Porque cuando uno le dedica tiempo a algo, a la labor social y a la familia, hay que darle lo mejor de nosotros porque ese tiempo ya no va a regresar, y esperemos que sea el mejor tiempo invertido.<\/p>\n<p>Me siento feliz de trabajar todos los d\u00edas por los campechanos, tengo una voluntad inquebrantable, s\u00e9 lo que quiero y c\u00f3mo lo tengo qu\u00e9 construir\u2026 Y lo que tengo muy claro es que los campechanos tenemos car\u00e1cter, tenemos orgullo, tenemos voluntad y tenemos la capacidad para demostrar que estamos listos para transformar y para desarrollar este Estado. Siempre he dicho que un pesimista se queja del viento, un optimista espera que el viento cambie; y un realista, como un servidor, ajusta las velas del barco y llega adonde quiere ir. \u00a1Ese es el Campeche que queremos y ese es el Campeche que, seguro, vamos a construir! \u00a1Muchas felicidades a todos y muchas gracias por estar aqu\u00ed!<\/p>\n<p><b><i>Entrevista al Gobernador del Estado, Alejandro Moreno C\u00e1rdenas<\/i><\/b><\/p>\n<\/p>\n<p><b>Pregunta.-<br \/>\n<\/b>En Campeche se han dado diferentes denuncias, en<br \/>\nlos \u00faltimos d\u00edas, por la depredaci\u00f3n de recurso marino, pulpo, pero esta semana<br \/>\nFrancisco M\u00e1rquez que ha estado con usted en M\u00e9xico, en negociaciones, dijo que<br \/>\ntambi\u00e9n los cocteleros, restauranteros, est\u00e1n adquiriendo camar\u00f3n ilegal, en<br \/>\ntemporada de veda\u2026 \u00bfHay manera de que usted sea mediador para que se asignen<br \/>\nm\u00e1s inspectores?<\/p>\n<p><b>Gobernador<br \/>\nAlejandro Moreno C\u00e1rdenas.- <\/b>Estamos trabajando fuerte con la Canainpesca, estamos trabajando fuerte<br \/>\ncon Francisco M\u00e1rquez; creo que es oportuno y puntual el trabajo que se est\u00e1<br \/>\nhaciendo coordinado con las autoridades federales, estatales, en el compromiso,<br \/>\ntambi\u00e9n en los tres \u00f3rdenes de gobierno. Y lo que necesitamos es la denuncia,<br \/>\nel trabajar y el que no se compre producto ilegal. Se tiene que trabajar<br \/>\nfuerte, se tiene que trabajar en equipo, se estar\u00e1n implementando operativos,<br \/>\ncomo ya los han visto ustedes, y sin duda se habr\u00e1n de presentar las denuncias<br \/>\nclaras, formales, y se va a proceder. Por eso lo comentaba hace un momento,<br \/>\nnadie puede estar por encima de la ley. Y en el da\u00f1o que se genera en el tema<br \/>\nde la pesca, es un da\u00f1o severo y por eso tenemos que trabajar en cumplimiento,<br \/>\ny que todos y cada uno de los actores cumpla con su responsabilidad para<br \/>\ntrabajar fuerte en m\u00e1s programas, en mejores proyectos de desarrollo, para<br \/>\ngenerarle tambi\u00e9n fortaleza al sector pesquero.<\/p>\n<p><b>Pregunta.-<br \/>\n<\/b>\u00bfEl Estado s\u00f3lo ser\u00eda coadyuvante?<\/p>\n<p><b>Gobernador<br \/>\nAlejandro Moreno C\u00e1rdenas.- <\/b>El Estado est\u00e1 pendiente, es un tema que se est\u00e1 trabajando con la Federaci\u00f3n;<br \/>\nestamos trabajando con la Secretar\u00eda de Pesca, estamos trabajando con la<br \/>\nConapesca y, obviamente, la participaci\u00f3n importante de la C\u00e1mara, de los tres<br \/>\n\u00f3rdenes de gobierno, ser\u00e1 importante\u2026 Con las autoridades federales, para<br \/>\ntrabajar conjuntamente en esta actividad que es muy importante para Campeche.<\/p>\n<p><b>Pregunta.-<br \/>\n<\/b>Hab\u00edan comentado que hab\u00edan algunas lagunas en la<br \/>\nley que no les permit\u00edan meter a la c\u00e1rcel a\u2026<\/p>\n<p><b>Gobernador<br \/>\nAlejandro Moreno C\u00e1rdenas.- <\/b>S\u00ed, sin duda, se est\u00e1 trabajando y es muy importante y se est\u00e1<br \/>\natendiendo; pero en este tema fundamental que es el tema educativo, hoy estamos<br \/>\ntrabajando fuerte, muy fuerte, porque necesitamos compartir y construir m\u00e1s<br \/>\ninfraestructura, mejor capacitaci\u00f3n, mejor preparaci\u00f3n, y este Centro de<br \/>\nEvaluaci\u00f3n y Formaci\u00f3n Continua es un paso importante al desarrollo, a la<br \/>\ntransformaci\u00f3n, a la mejor capacitaci\u00f3n, a la mejor preparaci\u00f3n de las<br \/>\nmaestras, de los maestros, para tenerlos como son, los mejores preparados,<br \/>\ncapacitados, a favor de las ni\u00f1as, ni\u00f1os y j\u00f3venes. Y tambi\u00e9n, el compromiso de<br \/>\nque en cuatro meses est\u00e9 listo para que sea una obra que est\u00e9 al servicio del<br \/>\nmagisterio.<\/p>\n<p><b>Pregunta.-<br \/>\n<\/b>Buenas noticias, otra vez en el plano nacional en<br \/>\nprimer lugar porque su polic\u00eda es de la m\u00e1s confiable.<\/p>\n<p><b>Gobernador<br \/>\nAlejandro Moreno C\u00e1rdenas.- <\/b>Me da mucho gusto que comenten ese dato, ese dato es importante porque<br \/>\nno es un dato de nosotros. Es un dato de que Campeche est\u00e1 cumpliendo con<br \/>\nclaridad, con puntualidad, el capacitar, el certificar a nuestros cuerpos<br \/>\npoliciacos, y eso nos pone a nosotros, como siempre, en el cumplimiento del<br \/>\ntrabajo comprometido. Quiero reconocer a todos los polic\u00edas, a todo el sector,<br \/>\na todos los cuerpos encargados de garantizar la seguridad y la paz de los<br \/>\ncampechanos; no s\u00f3lo reconocer su esfuerzo y su trabajo, sino la dedicaci\u00f3n. Y<br \/>\nel saludo a sus familias porque es un trabajo en equipo que se est\u00e1 haciendo y,<br \/>\nbueno, pone a Campeche tambi\u00e9n en vanguardia y en seguir trabajando para seguir<br \/>\nteniendo un Estado en paz, en armon\u00eda y en tranquilidad.<\/p>\n<p><b>Pregunta.-<br \/>\n<\/b>En la construcci\u00f3n de obras, \u00bfqu\u00e9 hay de cierto que<br \/>\nen este primer bimestre o trimestre del a\u00f1o inician los trabajos de la cuarta<br \/>\nfase del megadrenaje, Ciudad Concordia?<\/p>\n<p><b>Gobernador<br \/>\nAlejandro Moreno C\u00e1rdenas.- <\/b>S\u00ed, estamos trabajando, esa era una obra muy importante, estaremos<br \/>\ntrabajando con nuestra gente y ser\u00e1 una obra que estar\u00e1 en este inicio de a\u00f1o;<br \/>\nestaremos gestionando recursos no s\u00f3lo con Capae, con Conagua, que estamos<br \/>\ntrabajando en equipo, y con todo el respaldo y el apoyo del Presidente de la<br \/>\nRep\u00fablica, Enrique Pe\u00f1a Nieto, estaremos consolidando el agua, el trabajo<br \/>\nh\u00eddrico de todo el Estado, que era una obra fundamental, que era todo el<br \/>\nmegadrenaje, los cinco macrotanques, trabajar todo el tema de Hobom\u00f3, de Chin\u00e1.<br \/>\nEso nos va a permitir tener un servicio de agua de primera, de atenci\u00f3n de<br \/>\nprimera, para todos y cada uno de los usuarios de nuestro Estado; entonces\u2026<\/p>\n<p><b>Pregunta.-<br \/>\n<\/b>Mil millones de pesos\u2026<\/p>\n<p><b>Gobernador<br \/>\nAlejandro Moreno C\u00e1rdenas.- <\/b>Es una inversi\u00f3n importante, es una inversi\u00f3n fuerte y seguiremos<br \/>\ntrabajando y gestionando\u2026 Y en los temas electorales, compartirles que Campeche<br \/>\nfue el primer Estado, ustedes dieron puntualidad, convocamos y trabajamos con<br \/>\nla Fepade, con los tres \u00f3rdenes de gobierno, con todos los servidores p\u00fablicos,<br \/>\nde cu\u00e1l es el compromiso, de qu\u00e9 puede hacer y qu\u00e9 no puede hacer un servidor<br \/>\np\u00fablico en respeto a la ley, y en respeto a nuestros derechos pol\u00edticos. Aqu\u00ed,<br \/>\nprivilegiaremos siempre el compromiso y el respeto a la ley y, sin lugar a<br \/>\ndudas, desde mi posici\u00f3n como Gobernador del Estado respetar siempre la ley,<br \/>\nlos procedimientos electorales; garantizar paz, armon\u00eda y tranquilidad. Y lo<br \/>\ndigo como es, ning\u00fan programa federal, estatal o municipal, tiene nombre, tiene<br \/>\ncolor o tiene partido; son recursos de los ciudadanos, se trabaja todos los<br \/>\nd\u00edas para ello y no permitiremos que ning\u00fan servidor p\u00fablico viole la ley. Y<br \/>\nsimplemente, si la viola enfrentar\u00e1 las consecuencias que la misma ley se\u00f1ale.<\/p>\n<p>Hoy estamos trabajando en un gobierno, como lo he<br \/>\ndicho, de transparencia, de rendici\u00f3n de cuentas; que no permitiremos que nadie<br \/>\ndesv\u00ede un recurso de ning\u00fan lugar que maneje recursos p\u00fablicos, como es, que<br \/>\nson para los ciudadanos. Simple y llanamente, como lo he dicho, cero tolerancia<br \/>\na la corrupci\u00f3n, cero tolerancia a la impunidad y estaremos trabajando juntos<br \/>\npara aplicar la ley y el estado de derecho en el Estado de Campeche.<\/p>\n<p><b>Pregunta.-<br \/>\n<\/b>\u00bfEl 2018 como lo vislumbra en lo general?<\/p>\n<p><b>Gobernador<br \/>\nAlejandro Moreno C\u00e1rdenas.- <\/b>Bueno, veo un a\u00f1o importante, veo un a\u00f1o comprometido, veo un a\u00f1o de<br \/>\ngrandes retos; un gran a\u00f1o de obras, de desarrollo, de grandes desaf\u00edos. Estaremos<br \/>\ntrabajando fuerte, mucha gesti\u00f3n; tendremos las visitas, como siempre, de los<br \/>\nSecretarios de Estado para anunciar obras, para anunciar gestiones y programas<br \/>\nimportantes. Ser\u00e1 un gran a\u00f1o para Campeche, vamos a trabajar fuerte, tenemos<br \/>\ncomprometidas obras importantes; estaremos concluyendo este a\u00f1o e inauguraremos<br \/>\nel Puente de la Unidad, que es una obra fundamental e importante. Y estaremos<br \/>\nanunciando en los pr\u00f3ximos meses, las obras de beneficio que seguiremos<br \/>\nconsolidando y las obras que tenemos en el Estado marchando, caminando, para<br \/>\nque lleguen a su construcci\u00f3n final y a su destino. Y en el gobierno, siempre<br \/>\nlo he dicho: El funcionario, no hay nombre, no hay apellido, no hay color; el<br \/>\nfuncionario que viole la ley, simple y llanamente se le aplica la ley. Aqu\u00ed no<br \/>\nhay distinciones, aqu\u00ed no hay preferencias, aqu\u00ed a quien la viole simple y<br \/>\nsencillamente se le sanciona.<\/p>\n<p><b>Pregunta.-<br \/>\n<\/b>(Inaudible)<\/p>\n<p><b>Gobernador<br \/>\nAlejandro Moreno C\u00e1rdenas.- <\/b>Yo creo que\u2026 Les contesto a todos porque estoy atento. Creo firmemente<br \/>\nque son tiempos de definiciones y de trabajo permanente. Ser\u00e9 muy respetuoso<br \/>\ndel compromiso. Tengo un gabinete que desde el primer d\u00eda de mi gobierno ha<br \/>\ncolaborado, ha trabajado cercano a m\u00ed con dedicaci\u00f3n, con compromiso, con<br \/>\ntrabajo; y, bueno, si alguno de ellos tiene inter\u00e9s en alg\u00fan proyecto pol\u00edtico<br \/>\npersonal, de compromiso, de trabajo, como proyecto de vida, pues, bueno, yo siempre<br \/>\nestar\u00e9 para desearles lo mejor. Y no tengo muchos datos en eso, pero creo que<br \/>\nen los pr\u00f3ximos d\u00edas ya vendr\u00e1n las definiciones en los partidos pol\u00edticos y<br \/>\nustedes estar\u00e1n muy atentos de ello\u2026 Creo que ser\u00e1 el fin de semana.<\/p>\n<p><b>Pregunta.-<br \/>\n<\/b>\u00bfSe tiene alguna persona que pudiera ocupar esos<br \/>\ncargos?<\/p>\n<p><b>Gobernador<br \/>\nAlejandro Moreno C\u00e1rdenas.- <\/b>Todos tienen\u2026 Eso lo decide el partido, eso lo ven los estudios<br \/>\ndemosc\u00f3picos, los mejores posicionados\u2026 Yo respetar\u00e9 siempre las decisiones del<br \/>\npartido.<\/p>\n<p><b>Pregunta.-<br \/>\n<\/b>Sobre esta situaci\u00f3n que se da en Chihuahua y el Gobierno<br \/>\nFederal, y que la Conago desmiente al gobernador que no hay terrorismo<br \/>\nhacendario, \u00bfqu\u00e9 opini\u00f3n le merece?<\/p>\n<p><b>Gobernador<br \/>\nAlejandro Moreno C\u00e1rdenas.- <\/b>Muy buena apreciaci\u00f3n, te dir\u00eda que lamentablemente es una posici\u00f3n<br \/>\ntotalmente electoral, es una posici\u00f3n falsa. Quiero decirte que en el caso de<br \/>\nCampeche, nosotros hemos recibido todo el respaldo y todo el apoyo, como nunca\u2026<br \/>\nUstedes saben que son recursos federales y si nosotros no tuvi\u00e9ramos el<br \/>\nrespaldo y el apoyo de los recursos federales, pues, no tendr\u00edamos capacidad<br \/>\npara realizar muchas obras despu\u00e9s de los embates y de los temas dif\u00edciles con<br \/>\nla ca\u00edda de los precios y de la producci\u00f3n del petr\u00f3leo. Lo que s\u00ed hay que<br \/>\ndecirle al gobernador Corrales, que est\u00e1 muy claro c\u00f3mo tiene Chihuahua, en<br \/>\np\u00e9simas condiciones. Tiene los niveles de inseguridad m\u00e1s altos y pretenden<br \/>\ncrear cortinas de humo generando informaciones falsas, que la Secretar\u00eda de<br \/>\nHacienda ha salido a desmentir.<\/p>\n<p>Es lamentable que un gobernador tome esa posici\u00f3n<br \/>\ncuando lo \u00fanico que hemos recibido, por lo menos nosotros y muchos gobernadores<br \/>\nque lo han salido a declarar, es apoyo y trabajo permanente. Y nosotros tambi\u00e9n<br \/>\naqu\u00ed en Campeche, demandan aplicar la ley sin riesgo de violentar los derechos<br \/>\nde nadie, que eso es lo principal; pero aqu\u00ed en Campeche tambi\u00e9n vamos a<br \/>\naplicar la ley con firmeza y con severidad, sin distingos de colores y sin<br \/>\ndistingos de partidos.<\/p>\n<p><b>Pregunta.-<br \/>\n<\/b>\u00bfSeguiremos viendo m\u00e1s cr\u00edticas como esta de la<br \/>\noposici\u00f3n?<\/p>\n<p><b>Gobernador<br \/>\nAlejandro Moreno C\u00e1rdenas.- <\/b>Pues, creo que ser\u00eda lamentable. Creo que hoy lo que los mexicanos<br \/>\nquieren es trabajar en paz, trabajar en armon\u00eda, tener propuestas, tener<br \/>\nproyecto y decirles a los mexicanos c\u00f3mo pretenden gobernar este pa\u00eds sin<br \/>\nsaltos al vac\u00edo, sino con un compromiso firme y comprometido. Siempre, a<br \/>\nustedes les dir\u00e9, hay que pensar en las familias de Campeche, hay que pensar en<br \/>\nel futuro, hay que pensar en lo que queremos para nuestro Estado y nosotros<br \/>\nnecesitamos seguir contando con un Presidente amigo, un Presidente<br \/>\ncomprometido, un Presidente que respalde al Estado de Campeche para que a<br \/>\nCampeche le vaya mejor.<\/p>\n<p><b>Pregunta.-<br \/>\n<\/b>Estados Unidos lanza una alerta de 5 Estados que se<br \/>\nencuentran en extrema violencia para que sus connacionales no lo visiten, sin<br \/>\nembargo, la Pen\u00ednsula de Yucat\u00e1n, Campeche, no se encuentra incluida\u2026 Esto<br \/>\nhabla de un trabajo de seguridad coordinado.<\/p>\n<p><b>Gobernador<br \/>\nAlejandro Moreno C\u00e1rdenas.- <\/b>Muy bien\u2026 Trabajo comprometido. El reconocimiento al trabajo en equipo<br \/>\ncon el gobierno de los Estados Unidos. Estamos trabajando muy fuerte en ese<br \/>\ndeseo de seguir cuidando nuestra Pen\u00ednsula, nuestra regi\u00f3n; ya lo saben,<br \/>\nCampeche fue el Estado con la menor incidencia delictiva por cada cien mil<br \/>\nhabitantes, tambi\u00e9n en este inicio de a\u00f1o. Entonces, estamos comprometidos,<br \/>\ntuvimos ocupaciones hoteleras como nunca en el cierre de diciembre; entonces,<br \/>\nhoy Campeche va avanzando, vamos trabajando fuerte y vienen mejores cosas para<br \/>\nel Estado. Muchas gracias, j\u00f3venes.<\/p><\/p>\n","protected":false},"excerpt":{"rendered":"<p>*Tambi\u00e9n entreg\u00f3 nombramientos a supervisores, directores y maestros, y firm\u00f3 un convenio para vivienda en el Residencial San Francisco.<\/p>\n","protected":false},"author":1018,"featured_media":0,"comment_status":"open","ping_status":"open","sticky":false,"template":"","format":"standard","meta":{"tdm_status":"","tdm_grid_status":"","footnotes":""},"categories":[27],"tags":[],"_links":{"self":[{"href":"https:\/\/dralvarez.com.mx\/larevista\/wp-json\/wp\/v2\/posts\/61560"}],"collection":[{"href":"https:\/\/dralvarez.com.mx\/larevista\/wp-json\/wp\/v2\/posts"}],"about":[{"href":"https:\/\/dralvarez.com.mx\/larevista\/wp-json\/wp\/v2\/types\/post"}],"author":[{"embeddable":true,"href":"https:\/\/dralvarez.com.mx\/larevista\/wp-json\/wp\/v2\/users\/1018"}],"replies":[{"embeddable":true,"href":"https:\/\/dralvarez.com.mx\/larevista\/wp-json\/wp\/v2\/comments?post=61560"}],"version-history":[{"count":0,"href":"https:\/\/dralvarez.com.mx\/larevista\/wp-json\/wp\/v2\/posts\/61560\/revisions"}],"wp:attachment":[{"href":"https:\/\/dralvarez.com.mx\/larevista\/wp-json\/wp\/v2\/media?parent=61560"}],"wp:term":[{"taxonomy":"category","embeddable":true,"href":"https:\/\/dralvarez.com.mx\/larevista\/wp-json\/wp\/v2\/categories?post=61560"},{"taxonomy":"post_tag","embeddable":true,"href":"https:\/\/dralvarez.com.mx\/larevista\/wp-json\/wp\/v2\/tags?post=61560"}],"curies":[{"name":"wp","href":"https:\/\/api.w.org\/{rel}","templated":true}]}}