{"id":61511,"date":"2018-01-11T00:00:00","date_gmt":"2018-01-11T06:00:00","guid":{"rendered":"https:\/\/dralvarez.com.mx\/larevista\/blog\/gobernador-alejandro-moreno-cardenas-en-la-presentacion-de-soy-mexico-tu-acta-de-nacimiento-en-linea-21191"},"modified":"2018-01-11T00:00:00","modified_gmt":"2018-01-11T06:00:00","slug":"gobernador-alejandro-moreno-cardenas-en-la-presentacion-de-soy-mexico-tu-acta-de-nacimiento-en-linea-21191","status":"publish","type":"post","link":"https:\/\/dralvarez.com.mx\/larevista\/compeche\/gobernador-alejandro-moreno-cardenas-en-la-presentacion-de-soy-mexico-tu-acta-de-nacimiento-en-linea-21191","title":{"rendered":"Gobernador Alejandro Moreno C\u00e1rdenas en la presentaci\u00f3n de \u201cSoy M\u00e9xico. Tu acta de nacimiento en l\u00ednea\u201d"},"content":{"rendered":"<p>El gobernador Alejandro Moreno C\u00e1rdenas acompa\u00f1\u00f3 al presidente Enrique Pe\u00f1a Nieto en la presentaci\u00f3n de \u201cSoy M\u00e9xico. Tu acta de nacimiento en l\u00ednea\u201d, estrategia que ya opera a nivel nacional y por cual los mexicanos podr\u00e1n consultar e imprimir, v\u00eda internet, una copia de su acta de nacimiento los 365 d\u00edas del a\u00f1o desde el lugar donde se encuentren. Cabe destacar que desde agosto del a\u00f1o pasado, Campeche fue uno de los primeros estados del pa\u00eds en implementar este servicio digital.<\/p>\n","protected":false},"excerpt":{"rendered":"<p>Estrategia que ya opera a nivel nacional<\/p>\n","protected":false},"author":1018,"featured_media":0,"comment_status":"open","ping_status":"open","sticky":false,"template":"","format":"standard","meta":{"tdm_status":"","tdm_grid_status":"","footnotes":""},"categories":[27],"tags":[],"_links":{"self":[{"href":"https:\/\/dralvarez.com.mx\/larevista\/wp-json\/wp\/v2\/posts\/61511"}],"collection":[{"href":"https:\/\/dralvarez.com.mx\/larevista\/wp-json\/wp\/v2\/posts"}],"about":[{"href":"https:\/\/dralvarez.com.mx\/larevista\/wp-json\/wp\/v2\/types\/post"}],"author":[{"embeddable":true,"href":"https:\/\/dralvarez.com.mx\/larevista\/wp-json\/wp\/v2\/users\/1018"}],"replies":[{"embeddable":true,"href":"https:\/\/dralvarez.com.mx\/larevista\/wp-json\/wp\/v2\/comments?post=61511"}],"version-history":[{"count":0,"href":"https:\/\/dralvarez.com.mx\/larevista\/wp-json\/wp\/v2\/posts\/61511\/revisions"}],"wp:attachment":[{"href":"https:\/\/dralvarez.com.mx\/larevista\/wp-json\/wp\/v2\/media?parent=61511"}],"wp:term":[{"taxonomy":"category","embeddable":true,"href":"https:\/\/dralvarez.com.mx\/larevista\/wp-json\/wp\/v2\/categories?post=61511"},{"taxonomy":"post_tag","embeddable":true,"href":"https:\/\/dralvarez.com.mx\/larevista\/wp-json\/wp\/v2\/tags?post=61511"}],"curies":[{"name":"wp","href":"https:\/\/api.w.org\/{rel}","templated":true}]}}