{"id":61492,"date":"2018-01-10T00:00:00","date_gmt":"2018-01-10T06:00:00","guid":{"rendered":"https:\/\/dralvarez.com.mx\/larevista\/blog\/tiendas-oxxo-contempla-a-carmen-y-escarcega-en-su-plan-de-expansion-2018-21172"},"modified":"2018-01-10T00:00:00","modified_gmt":"2018-01-10T06:00:00","slug":"tiendas-oxxo-contempla-a-carmen-y-escarcega-en-su-plan-de-expansion-2018-21172","status":"publish","type":"post","link":"https:\/\/dralvarez.com.mx\/larevista\/compeche\/tiendas-oxxo-contempla-a-carmen-y-escarcega-en-su-plan-de-expansion-2018-21172","title":{"rendered":"Tiendas Oxxo contempla a Carmen y Esc\u00e1rcega en su Plan de Expansi\u00f3n 2018"},"content":{"rendered":"<p>Tiendas Oxxo contempla a Carmen y Esc\u00e1rcega en su Plan de Expansi\u00f3n 2018, as\u00ed como la inclusi\u00f3n de contratistas de estos municipios en su padr\u00f3n de constructores para la ejecuci\u00f3n de este programa de crecimiento, anunci\u00f3 el titular de la Secretar\u00eda de Desarrollo Econ\u00f3mico (SEDECO), Jos\u00e9 Domingo Berzunza Esp\u00ednola, al reunirse con el gerente regional, el gestor y el coordinador de expansi\u00f3n de Oxxo Tabasco, Alejandro Silva Ponce, Miguel \u00c1ngel Vera Zapata y Edgar Jes\u00fas Pereyra, respectivamente. Berzunza Esp\u00ednola destac\u00f3 que en este encuentro tambi\u00e9n se trabaj\u00f3 en el ingreso de productos de Carmen y Esc\u00e1rcega a los anaqueles de esta cadena comercial en la zona sur del Estado.<\/p>\n<p><\/p>\n","protected":false},"excerpt":{"rendered":"<p>As\u00ed como la inclusi\u00f3n de contratistas de estos municipios en su padr\u00f3n de constructores.<\/p>\n","protected":false},"author":1018,"featured_media":0,"comment_status":"open","ping_status":"open","sticky":false,"template":"","format":"standard","meta":{"tdm_status":"","tdm_grid_status":"","footnotes":""},"categories":[27],"tags":[],"_links":{"self":[{"href":"https:\/\/dralvarez.com.mx\/larevista\/wp-json\/wp\/v2\/posts\/61492"}],"collection":[{"href":"https:\/\/dralvarez.com.mx\/larevista\/wp-json\/wp\/v2\/posts"}],"about":[{"href":"https:\/\/dralvarez.com.mx\/larevista\/wp-json\/wp\/v2\/types\/post"}],"author":[{"embeddable":true,"href":"https:\/\/dralvarez.com.mx\/larevista\/wp-json\/wp\/v2\/users\/1018"}],"replies":[{"embeddable":true,"href":"https:\/\/dralvarez.com.mx\/larevista\/wp-json\/wp\/v2\/comments?post=61492"}],"version-history":[{"count":0,"href":"https:\/\/dralvarez.com.mx\/larevista\/wp-json\/wp\/v2\/posts\/61492\/revisions"}],"wp:attachment":[{"href":"https:\/\/dralvarez.com.mx\/larevista\/wp-json\/wp\/v2\/media?parent=61492"}],"wp:term":[{"taxonomy":"category","embeddable":true,"href":"https:\/\/dralvarez.com.mx\/larevista\/wp-json\/wp\/v2\/categories?post=61492"},{"taxonomy":"post_tag","embeddable":true,"href":"https:\/\/dralvarez.com.mx\/larevista\/wp-json\/wp\/v2\/tags?post=61492"}],"curies":[{"name":"wp","href":"https:\/\/api.w.org\/{rel}","templated":true}]}}