{"id":61490,"date":"2018-01-10T00:00:00","date_gmt":"2018-01-10T06:00:00","guid":{"rendered":"https:\/\/dralvarez.com.mx\/larevista\/blog\/inaugura-sala-de-directoras-del-imec-21170"},"modified":"2018-01-10T00:00:00","modified_gmt":"2018-01-10T06:00:00","slug":"inaugura-sala-de-directoras-del-imec-21170","status":"publish","type":"post","link":"https:\/\/dralvarez.com.mx\/larevista\/compeche\/inaugura-sala-de-directoras-del-imec-21170","title":{"rendered":"Inaugura sala de directoras del IMEC"},"content":{"rendered":"<p>En representaci\u00f3n del gobernador Alejandro Moreno C\u00e1rdenas, la secretaria de Finanzas del Gobierno del Estado, Am\u00e9rica Azar P\u00e9rez, inaugur\u00f3 la Sala de Directoras del Instituto de la Mujer del Estado de Campeche (IMEC), que preside Dulce Mar\u00eda Cervera Cetina.<\/p>\n<p>En su mensaje, la funcionaria convoc\u00f3 a trabajar en equipo y a las mujeres las conmin\u00f3 a apoyarse unas a las otras, \u201cporque somos la base de nuestras familias y hoy podemos ser la base de cualquier gobierno, instituci\u00f3n y empresa, pero en equipo, lo vamos a hacer mejor, todas juntas; una cabeza sola no puede\u201d.<\/p>\n<p>Reconoci\u00f3 el papel de las mujeres en la Administraci\u00f3n P\u00fablica, ya que es de vital importancia porque desarrollan labores no s\u00f3lo de oficinas, sino al mismo tiempo que trabajamos, estamos pensando c\u00f3mo podemos resolver las labores del hogar y c\u00f3mo resolver el desarrollo profesional de cada una de nosotras.<\/p>\n<p>Previamente, Cervera Cetina destac\u00f3 que en 17 a\u00f1os que tiene de vida el IMEC ha sido liderado por valiosas mujeres, quienes dejaron a su paso una huella imborrable en el crecimiento, desarrollo, reconocimiento y empoderamiento de todas las mujeres campechanas.<\/p>\n<p>Resalt\u00f3 el trabajo realizado por Laura Baqueiro Ramos (2003\u20132006), Mar\u00eda Santamar\u00eda Blum (2007\u20132010), Olga Ang\u00e9lica Tatua S\u00e1nchez (2010\u20132015) y Mar\u00eda del Carmen Guadalupe Torres Arango (2015\u20132016), cuyos retratos en la Sala de Junta del IMEC las har\u00e1 inmortales.<\/p>\n<p>Agradeci\u00f3 al gobernador Alejandro Moreno C\u00e1rdenas por depositar en ella su confianza al darle la encomienda de encabezar, por segunda ocasi\u00f3n, el cargo de Directora General del IMEC; instituci\u00f3n que se cre\u00f3 el 19 de diciembre del a\u00f1o 2000 y entr\u00f3 en funciones el 15 de febrero, siendo la fundadora.<\/p>\n<p>Asistieron al evento, las titulares de la Unidad de Igualdad de G\u00e9nero de las secretar\u00edas General de Gobierno (SEGOB), Eslovenia Guti\u00e9rrez Valle; de Desarrollo Social y Humano (SEDESYH); Leydi P\u00e9rez Blanquet y Miriam del Jes\u00fas May Sol\u00eds, directora del Centro de Justicia para Mujeres de Campeche (CJM).<\/p>\n","protected":false},"excerpt":{"rendered":"<p>La secretaria de Finanzas del Gobierno del Estado inaugur\u00f3 la Sala de Directoras del IMEC.<\/p>\n","protected":false},"author":1018,"featured_media":0,"comment_status":"open","ping_status":"open","sticky":false,"template":"","format":"standard","meta":{"tdm_status":"","tdm_grid_status":"","footnotes":""},"categories":[27],"tags":[],"_links":{"self":[{"href":"https:\/\/dralvarez.com.mx\/larevista\/wp-json\/wp\/v2\/posts\/61490"}],"collection":[{"href":"https:\/\/dralvarez.com.mx\/larevista\/wp-json\/wp\/v2\/posts"}],"about":[{"href":"https:\/\/dralvarez.com.mx\/larevista\/wp-json\/wp\/v2\/types\/post"}],"author":[{"embeddable":true,"href":"https:\/\/dralvarez.com.mx\/larevista\/wp-json\/wp\/v2\/users\/1018"}],"replies":[{"embeddable":true,"href":"https:\/\/dralvarez.com.mx\/larevista\/wp-json\/wp\/v2\/comments?post=61490"}],"version-history":[{"count":0,"href":"https:\/\/dralvarez.com.mx\/larevista\/wp-json\/wp\/v2\/posts\/61490\/revisions"}],"wp:attachment":[{"href":"https:\/\/dralvarez.com.mx\/larevista\/wp-json\/wp\/v2\/media?parent=61490"}],"wp:term":[{"taxonomy":"category","embeddable":true,"href":"https:\/\/dralvarez.com.mx\/larevista\/wp-json\/wp\/v2\/categories?post=61490"},{"taxonomy":"post_tag","embeddable":true,"href":"https:\/\/dralvarez.com.mx\/larevista\/wp-json\/wp\/v2\/tags?post=61490"}],"curies":[{"name":"wp","href":"https:\/\/api.w.org\/{rel}","templated":true}]}}