{"id":61487,"date":"2018-01-10T00:00:00","date_gmt":"2018-01-10T06:00:00","guid":{"rendered":"https:\/\/dralvarez.com.mx\/larevista\/blog\/expone-titular-de-seduc-ante-titular-de-la-sep-los-programas-a-implementar-en-el-estado-durante-el-2018-21167"},"modified":"2018-01-10T00:00:00","modified_gmt":"2018-01-10T06:00:00","slug":"expone-titular-de-seduc-ante-titular-de-la-sep-los-programas-a-implementar-en-el-estado-durante-el-2018-21167","status":"publish","type":"post","link":"https:\/\/dralvarez.com.mx\/larevista\/compeche\/expone-titular-de-seduc-ante-titular-de-la-sep-los-programas-a-implementar-en-el-estado-durante-el-2018-21167","title":{"rendered":"Expone titular de SEDUC ante titular de la SEP los programas a implementar en el estado durante el 2018"},"content":{"rendered":"<p>Para consolidar acciones que permitan fortalecer el sector en Campeche, el Titular de la Secretar\u00eda de Educaci\u00f3n de Campeche (SEDUC), Ricardo Medina Farf\u00e1n, sostuvo un encuentro con el titular de la Secretar\u00eda de Educaci\u00f3n P\u00fablica (SEP), Otto Granados Rold\u00e1n.<\/p>\n<p>Por instrucciones del Gobernador del Estado, Alejandro Moreno C\u00e1rdenas, el funcionario estatal durante esta reuni\u00f3n present\u00f3 los planes y proyectos a ejecutar en la entidad durante el 2018, entre los que se encuentra el fortalecimiento y ampliaci\u00f3n del programa de transporte escolar gratuito \u201cAprender en Grande\u201d, as\u00ed como el de innovaci\u00f3n y tecnolog\u00eda en las aulas que se ejecuta en coordinaci\u00f3n con Google for Education.<\/p>\n<p>Tambi\u00e9n, dentro del encuentro detall\u00f3 se presentaron propuestas que permitan continuar la formaci\u00f3n docente y con el proceso de rehabilitaci\u00f3n en centros escolares, entre otros temas.<\/p>\n<p>Medina Farf\u00e1n recalc\u00f3 el invaluable inter\u00e9s del titular de la SEP con el Estado y reconoci\u00f3, desde sus diversas trincheras en esta dependencia federal, ha demostrado ser un gran amigo de Campeche.<\/p>\n<p><\/p>\n","protected":false},"excerpt":{"rendered":"<p>Para consolidar acciones que permitan fortalecer el sector en Campeche.<\/p>\n","protected":false},"author":1018,"featured_media":0,"comment_status":"open","ping_status":"open","sticky":false,"template":"","format":"standard","meta":{"tdm_status":"","tdm_grid_status":"","footnotes":""},"categories":[27],"tags":[],"_links":{"self":[{"href":"https:\/\/dralvarez.com.mx\/larevista\/wp-json\/wp\/v2\/posts\/61487"}],"collection":[{"href":"https:\/\/dralvarez.com.mx\/larevista\/wp-json\/wp\/v2\/posts"}],"about":[{"href":"https:\/\/dralvarez.com.mx\/larevista\/wp-json\/wp\/v2\/types\/post"}],"author":[{"embeddable":true,"href":"https:\/\/dralvarez.com.mx\/larevista\/wp-json\/wp\/v2\/users\/1018"}],"replies":[{"embeddable":true,"href":"https:\/\/dralvarez.com.mx\/larevista\/wp-json\/wp\/v2\/comments?post=61487"}],"version-history":[{"count":0,"href":"https:\/\/dralvarez.com.mx\/larevista\/wp-json\/wp\/v2\/posts\/61487\/revisions"}],"wp:attachment":[{"href":"https:\/\/dralvarez.com.mx\/larevista\/wp-json\/wp\/v2\/media?parent=61487"}],"wp:term":[{"taxonomy":"category","embeddable":true,"href":"https:\/\/dralvarez.com.mx\/larevista\/wp-json\/wp\/v2\/categories?post=61487"},{"taxonomy":"post_tag","embeddable":true,"href":"https:\/\/dralvarez.com.mx\/larevista\/wp-json\/wp\/v2\/tags?post=61487"}],"curies":[{"name":"wp","href":"https:\/\/api.w.org\/{rel}","templated":true}]}}