{"id":61485,"date":"2018-01-10T00:00:00","date_gmt":"2018-01-10T06:00:00","guid":{"rendered":"https:\/\/dralvarez.com.mx\/larevista\/blog\/adquirir-sus-agendas-y-calendarios-alebrijes-2018-21165"},"modified":"2018-01-10T00:00:00","modified_gmt":"2018-01-10T06:00:00","slug":"adquirir-sus-agendas-y-calendarios-alebrijes-2018-21165","status":"publish","type":"post","link":"https:\/\/dralvarez.com.mx\/larevista\/compeche\/adquirir-sus-agendas-y-calendarios-alebrijes-2018-21165","title":{"rendered":"Adquirir sus agendas y calendarios \u201cAlebrijes\u201d 2018"},"content":{"rendered":"<p>El Sistema Estatal para el Desarrollo Integral de la Familia (DIF), a trav\u00e9s de la Direcci\u00f3n de Atenci\u00f3n Social y Discapacidad, informa a la sociedad en general que a\u00fan puede adquirir sus agendas y calendarios \u201cAlebrijes\u201d 2018 en la Mansi\u00f3n Carvajal, el edificio 303 y el Centro Cultural \u201cLeovigildo G\u00f3mez\u201d, de lunes a viernes de 8:00 a 14:30 horas. Las agendas tienen un precio de 250 pesos y los calendarios 100 pesos, plasman por mes la creatividad de 32 alumnos de los Centros de Atenci\u00f3n M\u00faltiple (CAM) y Unidades de Servicios de Apoyo a la Educaci\u00f3n Regular (USAER) que participan en los talleres del Centro Art\u00edstico y Cultural \u201cLeovigildo G\u00f3mez\u201d. El taller inclusivo de artes pl\u00e1sticas, es un esfuerzo coordinado entre la Secretaria de Educaci\u00f3n (SEDUC) y el DIF Estatal que busca promover y estimular las habilidades de las ni\u00f1as, ni\u00f1os y adolescentes.<\/p>\n","protected":false},"excerpt":{"rendered":"<p>En la Mansi\u00f3n Carvajal, el edificio 303 y el Centro Cultural \u201cLeovigildo G\u00f3mez\u201d, de lunes a viernes de 8:00 a 14:30 horas.<\/p>\n","protected":false},"author":1018,"featured_media":0,"comment_status":"open","ping_status":"open","sticky":false,"template":"","format":"standard","meta":{"tdm_status":"","tdm_grid_status":"","footnotes":""},"categories":[27],"tags":[],"_links":{"self":[{"href":"https:\/\/dralvarez.com.mx\/larevista\/wp-json\/wp\/v2\/posts\/61485"}],"collection":[{"href":"https:\/\/dralvarez.com.mx\/larevista\/wp-json\/wp\/v2\/posts"}],"about":[{"href":"https:\/\/dralvarez.com.mx\/larevista\/wp-json\/wp\/v2\/types\/post"}],"author":[{"embeddable":true,"href":"https:\/\/dralvarez.com.mx\/larevista\/wp-json\/wp\/v2\/users\/1018"}],"replies":[{"embeddable":true,"href":"https:\/\/dralvarez.com.mx\/larevista\/wp-json\/wp\/v2\/comments?post=61485"}],"version-history":[{"count":0,"href":"https:\/\/dralvarez.com.mx\/larevista\/wp-json\/wp\/v2\/posts\/61485\/revisions"}],"wp:attachment":[{"href":"https:\/\/dralvarez.com.mx\/larevista\/wp-json\/wp\/v2\/media?parent=61485"}],"wp:term":[{"taxonomy":"category","embeddable":true,"href":"https:\/\/dralvarez.com.mx\/larevista\/wp-json\/wp\/v2\/categories?post=61485"},{"taxonomy":"post_tag","embeddable":true,"href":"https:\/\/dralvarez.com.mx\/larevista\/wp-json\/wp\/v2\/tags?post=61485"}],"curies":[{"name":"wp","href":"https:\/\/api.w.org\/{rel}","templated":true}]}}