{"id":61483,"date":"2018-01-10T00:00:00","date_gmt":"2018-01-10T06:00:00","guid":{"rendered":"https:\/\/dralvarez.com.mx\/larevista\/blog\/las-abuelitas-y-abuelitos-del-hogar-de-ancianos-licda-dolores-lanz-de-echeverria-cortan-rosca-de-reyes-21163"},"modified":"2018-01-10T00:00:00","modified_gmt":"2018-01-10T06:00:00","slug":"las-abuelitas-y-abuelitos-del-hogar-de-ancianos-licda-dolores-lanz-de-echeverria-cortan-rosca-de-reyes-21163","status":"publish","type":"post","link":"https:\/\/dralvarez.com.mx\/larevista\/compeche\/las-abuelitas-y-abuelitos-del-hogar-de-ancianos-licda-dolores-lanz-de-echeverria-cortan-rosca-de-reyes-21163","title":{"rendered":"Las abuelitas y abuelitos del hogar de ancianos \u201cLicda. Dolores Lanz de Echeverr\u00eda\u201d cortan rosca de Reyes"},"content":{"rendered":"<p>Las abuelitas y abuelitos del hogar de ancianos \u201cLicda. Dolores Lanz de Echeverr\u00eda\u201d cortaron la Rosca de Reyes donada por la Presidenta del Patronato \u201cGrande de Coraz\u00f3n\u201d, Victoria Damas de Aysa, y a nombre de la Presidenta del Patronato del DIF Estatal, Christelle Casta\u00f1\u00f3n de Moreno, la Directora de Atenci\u00f3n Integral al Adulto Mayor (DAIAM), Liliana Rendis Buenfil, agradeci\u00f3 el noble gesto que motiva la convivencia entre los adultos mayores.<\/p>\n<p>La Directora del DAIAM motiv\u00f3 a los abuelitos para que contin\u00faen realizando sus diversas terapias y participen en todas las actividades que se programen para su beneficio f\u00edsico y mental.<\/p>\n<p>Asimismo, record\u00f3 la destacada participaci\u00f3n de las personas adultas mayores en el carnaval del DAIAM, donde sobresalen a trav\u00e9s de sus coreograf\u00edas, que fortalece el aspecto de participaci\u00f3n entre los hu\u00e9spedes; adem\u00e1s que es una evento que esperan con mucho entusiasmo porque se une el talento de los hu\u00e9spedes del hogar de ancianos, la Estancia \u201cLa Alegr\u00eda de Vivir\u201d y el Departamento de Atenci\u00f3n al Adulto Mayor.<\/p>\n<p>Por su parte, la Presidenta del Patronato \u201cGrande de Coraz\u00f3n\u201d indic\u00f3 que siempre es un placer el convivir con estas personas que son simiente de la historia de nuestro Campeche y tienen tantas cosas a\u00fan que aportar, por lo que es justo reconocerlos.<\/p>\n","protected":false},"excerpt":{"rendered":"<p>La Directora del DAIAM motiv\u00f3 a los abuelitos para que contin\u00faen realizando sus diversas terapias y participen en todas las actividades que se program<\/p>\n","protected":false},"author":1018,"featured_media":0,"comment_status":"open","ping_status":"open","sticky":false,"template":"","format":"standard","meta":{"tdm_status":"","tdm_grid_status":"","footnotes":""},"categories":[27],"tags":[],"_links":{"self":[{"href":"https:\/\/dralvarez.com.mx\/larevista\/wp-json\/wp\/v2\/posts\/61483"}],"collection":[{"href":"https:\/\/dralvarez.com.mx\/larevista\/wp-json\/wp\/v2\/posts"}],"about":[{"href":"https:\/\/dralvarez.com.mx\/larevista\/wp-json\/wp\/v2\/types\/post"}],"author":[{"embeddable":true,"href":"https:\/\/dralvarez.com.mx\/larevista\/wp-json\/wp\/v2\/users\/1018"}],"replies":[{"embeddable":true,"href":"https:\/\/dralvarez.com.mx\/larevista\/wp-json\/wp\/v2\/comments?post=61483"}],"version-history":[{"count":0,"href":"https:\/\/dralvarez.com.mx\/larevista\/wp-json\/wp\/v2\/posts\/61483\/revisions"}],"wp:attachment":[{"href":"https:\/\/dralvarez.com.mx\/larevista\/wp-json\/wp\/v2\/media?parent=61483"}],"wp:term":[{"taxonomy":"category","embeddable":true,"href":"https:\/\/dralvarez.com.mx\/larevista\/wp-json\/wp\/v2\/categories?post=61483"},{"taxonomy":"post_tag","embeddable":true,"href":"https:\/\/dralvarez.com.mx\/larevista\/wp-json\/wp\/v2\/tags?post=61483"}],"curies":[{"name":"wp","href":"https:\/\/api.w.org\/{rel}","templated":true}]}}