{"id":61459,"date":"2018-01-09T00:00:00","date_gmt":"2018-01-09T06:00:00","guid":{"rendered":"https:\/\/dralvarez.com.mx\/larevista\/blog\/christelle-castanon-de-moreno-corta-rosca-de-reyes-con-ninos-y-ninas-del-centro-asistencial-maria-palmira-21139"},"modified":"2018-01-09T00:00:00","modified_gmt":"2018-01-09T06:00:00","slug":"christelle-castanon-de-moreno-corta-rosca-de-reyes-con-ninos-y-ninas-del-centro-asistencial-maria-palmira-21139","status":"publish","type":"post","link":"https:\/\/dralvarez.com.mx\/larevista\/compeche\/christelle-castanon-de-moreno-corta-rosca-de-reyes-con-ninos-y-ninas-del-centro-asistencial-maria-palmira-21139","title":{"rendered":"Christelle Casta\u00f1\u00f3n de Moreno corta rosca de Reyes con ni\u00f1os y ni\u00f1as del Centro Asistencial \u201cMar\u00eda Palmira\u201d"},"content":{"rendered":"<\/p>\n<p>Rosca de Reyes, tamales y chocolate disfrutaron las ni\u00f1as y ni\u00f1os del Centro Asistencial \u201cMar\u00eda Palmira Lavalle\u201d como parte de la celebraci\u00f3n por el D\u00eda de Reyes, convivio al que asisti\u00f3 la Presidenta del Patronato del DIF Estatal, Christelle Casta\u00f1\u00f3n de Moreno,  quien reafirm\u00f3 su compromiso y de su esposo, el Gobernador de Estado, Alejandro Moreno C\u00e1rdenas, para con ellos, de velar por la protecci\u00f3n de sus derechos.<\/p>\n<p>Asimismo, felicit\u00f3 a las \u201ct\u00edas\u201d por el compromiso de cuidar a los ni\u00f1os y ni\u00f1as, sinergia a la que une el Gobernador Alejandro Moreno C\u00e1rdenas y el patronato \u201cSonrisas de Coraz\u00f3n\u201d,  todos con el prop\u00f3sito de velar por el bienestar de todos los ni\u00f1os y ni\u00f1as, en especial de los m\u00e1s vulnerables; es por ello, que constantemente se han realizado remodelaciones en las distintas \u00e1reas del Centro para su mayor comodidad<\/p>\n<p>\u201cAhora depende de ustedes poner todas las ganas y todo su esfuerzo para que el 2018 sea mejor, sobre todo ech\u00e1ndole ganas en sus estudios. Siempre tengan presente que el DIF siempre estar\u00e1 con ustedes vigilando su desarrollo, para que se convierten en grandes campechanos\u201d, dijo.<\/p>\n<p>Al evento tambi\u00e9n asistieron la Directora General del DIF, Silvia Elena Parrao Arceo; la Procuradora de Protecci\u00f3n a Ni\u00f1as, Ni\u00f1os y Adolescentes (PPNNA), Teresita de Atocha Rodr\u00edguez Ch\u00ed; la Subdirectora del Centro, Damaris Can Ballote, as\u00ed como la Presidenta del Patronato \u201cSonrisas de Coraz\u00f3n\u201d, Alejandra Rosado Parra, y sus integrantes, adem\u00e1s de los directores de las diferentes \u00e1reas de la instituci\u00f3n, quienes celebraron a los ni\u00f1os y ni\u00f1as que sacaron el tradicional mu\u00f1equito.<\/p><\/p>\n","protected":false},"excerpt":{"rendered":"<p>Rosca de Reyes, tamales y chocolate disfrutaron las ni\u00f1as y ni\u00f1os del Centro Asistencial \u201cMar\u00eda Palmira Lavalle\u201d.<\/p>\n","protected":false},"author":1018,"featured_media":0,"comment_status":"open","ping_status":"open","sticky":false,"template":"","format":"standard","meta":{"tdm_status":"","tdm_grid_status":"","footnotes":""},"categories":[27],"tags":[],"_links":{"self":[{"href":"https:\/\/dralvarez.com.mx\/larevista\/wp-json\/wp\/v2\/posts\/61459"}],"collection":[{"href":"https:\/\/dralvarez.com.mx\/larevista\/wp-json\/wp\/v2\/posts"}],"about":[{"href":"https:\/\/dralvarez.com.mx\/larevista\/wp-json\/wp\/v2\/types\/post"}],"author":[{"embeddable":true,"href":"https:\/\/dralvarez.com.mx\/larevista\/wp-json\/wp\/v2\/users\/1018"}],"replies":[{"embeddable":true,"href":"https:\/\/dralvarez.com.mx\/larevista\/wp-json\/wp\/v2\/comments?post=61459"}],"version-history":[{"count":0,"href":"https:\/\/dralvarez.com.mx\/larevista\/wp-json\/wp\/v2\/posts\/61459\/revisions"}],"wp:attachment":[{"href":"https:\/\/dralvarez.com.mx\/larevista\/wp-json\/wp\/v2\/media?parent=61459"}],"wp:term":[{"taxonomy":"category","embeddable":true,"href":"https:\/\/dralvarez.com.mx\/larevista\/wp-json\/wp\/v2\/categories?post=61459"},{"taxonomy":"post_tag","embeddable":true,"href":"https:\/\/dralvarez.com.mx\/larevista\/wp-json\/wp\/v2\/tags?post=61459"}],"curies":[{"name":"wp","href":"https:\/\/api.w.org\/{rel}","templated":true}]}}