{"id":61458,"date":"2018-01-09T00:00:00","date_gmt":"2018-01-09T06:00:00","guid":{"rendered":"https:\/\/dralvarez.com.mx\/larevista\/blog\/alista-promajoven-convocatoria-correspondiente-al-2018-guerrero-sasia-21138"},"modified":"2018-01-09T00:00:00","modified_gmt":"2018-01-09T06:00:00","slug":"alista-promajoven-convocatoria-correspondiente-al-2018-guerrero-sasia-21138","status":"publish","type":"post","link":"https:\/\/dralvarez.com.mx\/larevista\/compeche\/alista-promajoven-convocatoria-correspondiente-al-2018-guerrero-sasia-21138","title":{"rendered":"Alista PROMAJOVEN convocatoria correspondiente al 2018: Guerrero Sas\u00eda"},"content":{"rendered":"<p>Al anunciar que ser\u00eda a finales del mes de febrero cuando se lance la convocatoria para integrarse al padr\u00f3n de beneficiarias del Programa Nacional de Becas de Apoyo a la Educaci\u00f3n de Madres J\u00f3venes y J\u00f3venes Embarazadas (PROMAJOVEN) en su edici\u00f3n 2018, la coordinadora de este programa en Campeche, Ang\u00e9lica Guerrero Sas\u00eda, destac\u00f3 el \u00e9xito de este esquema de becas que permiti\u00f3 beneficiar a 568 adolescentes durante el a\u00f1o anterior.<\/p>\n<p>En entrevista, la responsable del PROMAJOVEN de la Secretar\u00eda de Educaci\u00f3n de Campeche (SEDUC) precis\u00f3 que en el 2017 se logr\u00f3 la atenci\u00f3n a un total de 568 adolescentes de la geograf\u00eda estatal, y este a\u00f1o se buscar\u00e1 incrementar el padr\u00f3n de beneficiarias y permitir que est\u00e1s concluyan sus estudios de educaci\u00f3n b\u00e1sica, ya que dentro de la prioridad gubernamental se busca que el embarazo o tener un hijo no sea un impedimento para continuar su formaci\u00f3n.<\/p>\n<p>En este sentido, dijo que el programa otorga una beca de 850 pesos mensuales, mismos que les permiten a las integradas al padr\u00f3n concluir con sus estudios b\u00e1sicos, y muestra de ello fueron las 143 j\u00f3venes que durante el ciclo pasado culminaron de manera formal su educaci\u00f3n secundaria, con el apoyo del Instituto Estatal de la Educaci\u00f3n para los Adultos (IEEA).<\/p>\n<p>Guerrero Sas\u00eda indic\u00f3 que durante el a\u00f1o pasado se mantuvo una campa\u00f1a de difusi\u00f3n y promoci\u00f3n integral del PROMAJOVEN en todo en todas las comunidades del Estado y est\u00e1 campa\u00f1a se reforzar\u00e1 durante este 2018, de la mano de los organismos asistenciales para que un mayor n\u00famero de j\u00f3venes concluyan su educaci\u00f3n b\u00e1sica.<\/p>\n<p>\u201cEl PROMAJOVEN es un programa que ha ido de menos a m\u00e1s, se ha ido fortaleciendo y dando a conocer en cada una de las localidades gracias al trabajo que de manera estrecha se realiza con otras instituciones como los DIF municipales, el Instituto de la Mujer, el Instituto de la Juventud, la Secretar\u00eda de Salud e instituciones que apoyan para llegar a los lugares m\u00e1s alejados\u201d, indic\u00f3.<\/p>\n<p>La responsable del PROMAJOVEN a\u00f1adi\u00f3 que, adem\u00e1s, a trav\u00e9s de este programa se refuerzan acciones en materia de prevenci\u00f3n del embarazo, no s\u00f3lo con las beneficiarias sino adem\u00e1s en escuelas secundarias, para que de manera permanente se aborden estas tem\u00e1ticas para que los j\u00f3venes conozcan m\u00e1s sobre m\u00e9todos anticonceptivos, planificaci\u00f3n familiar y prevenci\u00f3n.<\/p>\n<p>Finalmente subray\u00f3 que durante el 2017 se cont\u00f3 con un recurso de cuatro millones 67 mil pesos y se espera este 2018 contar con un monto similar.<\/p>\n","protected":false},"excerpt":{"rendered":"<p>Durante 2017 benefici\u00f3 a 568 adolescentes de todo el Estado.<\/p>\n","protected":false},"author":1018,"featured_media":0,"comment_status":"open","ping_status":"open","sticky":false,"template":"","format":"standard","meta":{"tdm_status":"","tdm_grid_status":"","footnotes":""},"categories":[27],"tags":[],"_links":{"self":[{"href":"https:\/\/dralvarez.com.mx\/larevista\/wp-json\/wp\/v2\/posts\/61458"}],"collection":[{"href":"https:\/\/dralvarez.com.mx\/larevista\/wp-json\/wp\/v2\/posts"}],"about":[{"href":"https:\/\/dralvarez.com.mx\/larevista\/wp-json\/wp\/v2\/types\/post"}],"author":[{"embeddable":true,"href":"https:\/\/dralvarez.com.mx\/larevista\/wp-json\/wp\/v2\/users\/1018"}],"replies":[{"embeddable":true,"href":"https:\/\/dralvarez.com.mx\/larevista\/wp-json\/wp\/v2\/comments?post=61458"}],"version-history":[{"count":0,"href":"https:\/\/dralvarez.com.mx\/larevista\/wp-json\/wp\/v2\/posts\/61458\/revisions"}],"wp:attachment":[{"href":"https:\/\/dralvarez.com.mx\/larevista\/wp-json\/wp\/v2\/media?parent=61458"}],"wp:term":[{"taxonomy":"category","embeddable":true,"href":"https:\/\/dralvarez.com.mx\/larevista\/wp-json\/wp\/v2\/categories?post=61458"},{"taxonomy":"post_tag","embeddable":true,"href":"https:\/\/dralvarez.com.mx\/larevista\/wp-json\/wp\/v2\/tags?post=61458"}],"curies":[{"name":"wp","href":"https:\/\/api.w.org\/{rel}","templated":true}]}}