{"id":61373,"date":"2018-01-05T00:00:00","date_gmt":"2018-01-05T06:00:00","guid":{"rendered":"https:\/\/dralvarez.com.mx\/larevista\/blog\/campechanos-festejaran-con-la-super-rosca-de-reyes-de-3-km-21049"},"modified":"2018-01-05T00:00:00","modified_gmt":"2018-01-05T06:00:00","slug":"campechanos-festejaran-con-la-super-rosca-de-reyes-de-3-km-21049","status":"publish","type":"post","link":"https:\/\/dralvarez.com.mx\/larevista\/compeche\/campechanos-festejaran-con-la-super-rosca-de-reyes-de-3-km-21049","title":{"rendered":"Campechanos festejar\u00e1n con la S\u00faper Rosca de Reyes de 3 km"},"content":{"rendered":"<p>Los campechanos celebrar\u00e1n el D\u00eda de los Reyes Magos con el corte de una tradicional rosca de 3 kil\u00f3metros de longitud, en un evento que tendr\u00e1 lugar a las 20:00 horas del 5 de enero en el malec\u00f3n de la ciudad, junto con el festival que realizar\u00e1 el DIF Estatal y el tradicional Paseo de Reyes.<br \/>Alrededor de 3 mil personas podr\u00e1n saborear este pan tradicional, en el que este a\u00f1o se invertir\u00e1n 1.2 millones de pesos que provienen del Fondo Nacional del Emprendedor. Detall\u00f3 que representa un 25% por ciento m\u00e1s comparado con la rosca del a\u00f1o pasado, seg\u00fan indicaron fuentes gubernamentales.<br \/>Este evento forma parte de las actividades Consume Campeche, debido a que todas las panader\u00edas y arrendadoras de mobiliario que participar\u00e1n son locales.<br \/>En esta actividad se destaca el apoyo de los industriales del pan, quienes se han ajustado al presupuesto que se gestion\u00f3, ya que otra de las metas es dar a conocer las delicias que los panaderos campechanos elaboran.<br \/>Por su parte, el subdirector de Mercados, Carlos P\u00e9rez Salazar, adelant\u00f3 que est\u00e1n preparados para la venta del tradicional Paseo de Reyes que se realizar\u00e1 en la avenida 16 de septiembre, donde hasta la fecha llevan registrado el pago de 270 permisos de los 540 disponibles que se tendr\u00e1n para este a\u00f1o.<br \/>Detall\u00f3 que se dar\u00e1n 120 permisos para colocarse frente al estacionamiento del Mercado Principal \u201cPedro S\u00e1inz de Baranda\u201d.<br \/>Enfatiz\u00f3 que el costo para que los comerciantes puedan ubicarse frente al mercado es de 270 pesos y que en el caso de la avenida 16 de septiembre, es de 280 pesos por metro para los locatarios y comerciantes de la calle 59. El precio para los dem\u00e1s es de 700 pesos por metro.<\/p>\n","protected":false},"excerpt":{"rendered":"<p>AYUNTAMIENTO DE CAMPECHE<\/p>\n","protected":false},"author":1018,"featured_media":0,"comment_status":"open","ping_status":"open","sticky":false,"template":"","format":"standard","meta":{"tdm_status":"","tdm_grid_status":"","footnotes":""},"categories":[27],"tags":[],"_links":{"self":[{"href":"https:\/\/dralvarez.com.mx\/larevista\/wp-json\/wp\/v2\/posts\/61373"}],"collection":[{"href":"https:\/\/dralvarez.com.mx\/larevista\/wp-json\/wp\/v2\/posts"}],"about":[{"href":"https:\/\/dralvarez.com.mx\/larevista\/wp-json\/wp\/v2\/types\/post"}],"author":[{"embeddable":true,"href":"https:\/\/dralvarez.com.mx\/larevista\/wp-json\/wp\/v2\/users\/1018"}],"replies":[{"embeddable":true,"href":"https:\/\/dralvarez.com.mx\/larevista\/wp-json\/wp\/v2\/comments?post=61373"}],"version-history":[{"count":0,"href":"https:\/\/dralvarez.com.mx\/larevista\/wp-json\/wp\/v2\/posts\/61373\/revisions"}],"wp:attachment":[{"href":"https:\/\/dralvarez.com.mx\/larevista\/wp-json\/wp\/v2\/media?parent=61373"}],"wp:term":[{"taxonomy":"category","embeddable":true,"href":"https:\/\/dralvarez.com.mx\/larevista\/wp-json\/wp\/v2\/categories?post=61373"},{"taxonomy":"post_tag","embeddable":true,"href":"https:\/\/dralvarez.com.mx\/larevista\/wp-json\/wp\/v2\/tags?post=61373"}],"curies":[{"name":"wp","href":"https:\/\/api.w.org\/{rel}","templated":true}]}}