{"id":61371,"date":"2018-01-05T00:00:00","date_gmt":"2018-01-05T06:00:00","guid":{"rendered":"https:\/\/dralvarez.com.mx\/larevista\/blog\/gobierno-de-campeche-21047"},"modified":"2018-01-05T00:00:00","modified_gmt":"2018-01-05T06:00:00","slug":"gobierno-de-campeche-21047","status":"publish","type":"post","link":"https:\/\/dralvarez.com.mx\/larevista\/compeche\/gobierno-de-campeche-21047","title":{"rendered":"GOBIERNO DE CAMPECHE"},"content":{"rendered":"<p>El gobernador Alejandro Moreno C\u00e1rdenas encabez\u00f3 la primera reuni\u00f3n de 2018 del gabinete legal y ampliado, en la que instruy\u00f3 reforzar el trabajo de coordinaci\u00f3n y gesti\u00f3n para generar m\u00e1s oportunidades y resultados a los campechanos. <br \/>\u201cEl estado cuenta con el firme respaldo del presidente Enrique Pe\u00f1a Nieto, por lo que este a\u00f1o ser\u00e1 determinante para detonar el crecimiento y la transformaci\u00f3n que se ha anhelado durante mucho tiempo\u201d, subray\u00f3 el titular del Ejecutivo estatal.<br \/>Asimismo, en el marco de las primeras actividades del a\u00f1o por parte del titular del Ejecutivo estatal, tambi\u00e9n estuvo la tradicional visita \u2013en este caso-, a la primera beb\u00e9 del 2018, nacida a las 00.10 horas en el Hospital General de Especialidades \u201cDr. Javier Buenfil Osorio\u201d, con un peso de 2.9 kilogramos y 50 cent\u00edmetros de largo. La peque\u00f1a naci\u00f3 a las 36 semanas de gestaci\u00f3n, en parto natural y se encuentra en perfectas condiciones de salud.<\/p>\n<p>El mandatario y su esposa  Christelle Casta\u00f1\u00f3n de Moreno, felicitaron a la orgullosa madre Mar\u00eda Marlene Pech Ak\u00e9, oriunda de la comunidad de Bacabch\u00e9n, Calkin\u00ed, quien se recupera en la cama 260 del nosocomio. <br \/>Durante la pl\u00e1tica, Moreno C\u00e1rdenas pidi\u00f3 a la joven madre tener certeza de que 2018 ser\u00e1 un a\u00f1o de mayores oportunidades, pues se fortalecer\u00e1n los programas sociales que permitir\u00e1n elevar las condiciones de bienestar de las familias campechanas.<br \/>Pocos antes de retirarse del hospital, salud\u00f3 al personal de enfermer\u00eda con el que comparti\u00f3 los deseos de un pr\u00f3spero 2018.<br \/>El matrimonio Moreno Casta\u00f1\u00f3n realiz\u00f3 la visita acompa\u00f1ado del secretario de Salud, Rafael Rodr\u00edguez Cabrera y su esposa, Jamile Selem de Rodr\u00edguez, as\u00ed como de los directores de Hospitales, Ram\u00f3n Mart\u00ednez Olivares, y del \u201cDr. Javier Buenfil Osorio\u201d, Daniel Maldonado Garc\u00eda.<\/p>\n<p>Transparencia y rendici\u00f3n de cuentas<br \/>es prioridad de este gobierno<\/p>\n<p>Por otra parte, la titular de la Secretar\u00eda de Finanzas, Am\u00e9rica Azar P\u00e9rez, asegur\u00f3 que Campeche es uno de los estados del pa\u00eds con mayor orden financiero y eficacia en el ejercicio presupuestal tras destacar que la administraci\u00f3n que encabeza el gobernador Alejandro Moreno C\u00e1rdenas, est\u00e1 comprometida con la transparencia y la rendici\u00f3n de cuentas. <br \/>\u201cEl titular del Ejecutivo estatal ha sido muy determinante en su instrucci\u00f3n de que los recursos p\u00fablicos se apliquen completos en las obras y acciones para los que fueron destinados, pero adem\u00e1s que sea de forma transparente para rendir cuentas claras a los campechanos\u201d, sostuvo.<br \/>Azar P\u00e9rez indic\u00f3 que el manejo honesto y transparente del dinero p\u00fablico es prioridad para la administraci\u00f3n estatal, por lo que la dependencia que dirige ha establecido con diversas instancias estatales como la Contralor\u00eda y la Fiscal\u00eda General, un mecanismo de vigilancia y seguimiento del ejercicio presupuestal.<br \/>Resalt\u00f3 que las acciones que el gobierno estatal ha puesto en marcha, ha permitido que la entidad sea reconocida por instituciones ciudadanas, como el Instituto Mexicano para la Competitividad (IMCO), como una de las que mantiene un adecuado orden financiero y eficacia entre el presupuesto y el gasto p\u00fablico.<br \/>Por otro lado, Azar P\u00e9rez abund\u00f3 en el tema del Programa de Residentes de Carmen y confirm\u00f3 que por disposici\u00f3n del Ejecutivo, se emiti\u00f3 un Acuerdo para simplificar los requisitos establecidos en la obtenci\u00f3n del beneficio, por lo que las personas f\u00edsicas que ya est\u00e1n inscritas en el programa y cuentan con su calcoman\u00eda 2017 ya no tendr\u00e1n que renovarla, sino hasta el nuevo canje de placas vehicular.<br \/>Asimismo, invit\u00f3 a quienes a\u00fan no est\u00e1n registrados en el padr\u00f3n de residentes, aprovechar a realizar este tr\u00e1mite al momento de pagar el refrendo vehicular de 2018.<\/p>\n","protected":false},"excerpt":{"rendered":"<p>Encabeza gobernador AMC primera reuni\u00f3n de 2018 con el gabinete legal y ampliado<\/p>\n","protected":false},"author":1018,"featured_media":0,"comment_status":"open","ping_status":"open","sticky":false,"template":"","format":"standard","meta":{"tdm_status":"","tdm_grid_status":"","footnotes":""},"categories":[27],"tags":[],"_links":{"self":[{"href":"https:\/\/dralvarez.com.mx\/larevista\/wp-json\/wp\/v2\/posts\/61371"}],"collection":[{"href":"https:\/\/dralvarez.com.mx\/larevista\/wp-json\/wp\/v2\/posts"}],"about":[{"href":"https:\/\/dralvarez.com.mx\/larevista\/wp-json\/wp\/v2\/types\/post"}],"author":[{"embeddable":true,"href":"https:\/\/dralvarez.com.mx\/larevista\/wp-json\/wp\/v2\/users\/1018"}],"replies":[{"embeddable":true,"href":"https:\/\/dralvarez.com.mx\/larevista\/wp-json\/wp\/v2\/comments?post=61371"}],"version-history":[{"count":0,"href":"https:\/\/dralvarez.com.mx\/larevista\/wp-json\/wp\/v2\/posts\/61371\/revisions"}],"wp:attachment":[{"href":"https:\/\/dralvarez.com.mx\/larevista\/wp-json\/wp\/v2\/media?parent=61371"}],"wp:term":[{"taxonomy":"category","embeddable":true,"href":"https:\/\/dralvarez.com.mx\/larevista\/wp-json\/wp\/v2\/categories?post=61371"},{"taxonomy":"post_tag","embeddable":true,"href":"https:\/\/dralvarez.com.mx\/larevista\/wp-json\/wp\/v2\/tags?post=61371"}],"curies":[{"name":"wp","href":"https:\/\/api.w.org\/{rel}","templated":true}]}}