{"id":61362,"date":"2018-01-05T00:00:00","date_gmt":"2018-01-05T06:00:00","guid":{"rendered":"https:\/\/dralvarez.com.mx\/larevista\/blog\/retornan-mas-de-250-mil-alumnos-a-sus-aulas-este-lunes-21037"},"modified":"2018-01-05T00:00:00","modified_gmt":"2018-01-05T06:00:00","slug":"retornan-mas-de-250-mil-alumnos-a-sus-aulas-este-lunes-21037","status":"publish","type":"post","link":"https:\/\/dralvarez.com.mx\/larevista\/compeche\/retornan-mas-de-250-mil-alumnos-a-sus-aulas-este-lunes-21037","title":{"rendered":"Retornan m\u00e1s de 250 mil alumnos a sus aulas este lunes"},"content":{"rendered":"<p>M\u00e1s de 250 mil estudiantes de educaci\u00f3n b\u00e1sica, media superior y superior retornar\u00e1n a las aulas este lunes 8 de enero, esto para dar continuidad a sus planes y programas de estudios del ciclo escolar 2017-2018.<\/p>\n<p>De acuerdo con lo establecido en el calendario escolar vigente, ser\u00e1 este pr\u00f3ximo lunes que toda la comunidad educativa reanudar\u00e1 labores para iniciar la segunda parte del presente ciclo lectivo.<\/p>\n<p>Tras dos semanas de asueto, el titular de la Secretar\u00eda de Educaci\u00f3n (SEDUC), Ricardo Medina Farf\u00e1n, se\u00f1al\u00f3 que se espera que los estudiantes y comunidad educativa retomen con ah\u00ednco y dedicaci\u00f3n las actividades en los colegios de la entidad.<\/p>\n<p>En este sentido detall\u00f3 que ser\u00e1n 187 mil 258 alumnos de Educaci\u00f3n B\u00e1sica; 38 mil 58 de bachillerato y 32 mil 213 de Educaci\u00f3n Superior, quienes se reintegren a las aulas.<\/p>\n<p>Finalmente, puntualiz\u00f3 que se ha instruido a directores, supervisores y docentes para que en este regreso a clases se refuercen las labores en los planteles y aprovechen al m\u00e1ximo los meses que le restan para concluirlo con \u00e9xito y con mayor beneficio para los estudiantes campechanos.<\/p>\n","protected":false},"excerpt":{"rendered":"<p>Para dar continuidad a sus planes y programas de estudios del ciclo escolar 2017-2018.<\/p>\n","protected":false},"author":1018,"featured_media":0,"comment_status":"open","ping_status":"open","sticky":false,"template":"","format":"standard","meta":{"tdm_status":"","tdm_grid_status":"","footnotes":""},"categories":[27],"tags":[],"_links":{"self":[{"href":"https:\/\/dralvarez.com.mx\/larevista\/wp-json\/wp\/v2\/posts\/61362"}],"collection":[{"href":"https:\/\/dralvarez.com.mx\/larevista\/wp-json\/wp\/v2\/posts"}],"about":[{"href":"https:\/\/dralvarez.com.mx\/larevista\/wp-json\/wp\/v2\/types\/post"}],"author":[{"embeddable":true,"href":"https:\/\/dralvarez.com.mx\/larevista\/wp-json\/wp\/v2\/users\/1018"}],"replies":[{"embeddable":true,"href":"https:\/\/dralvarez.com.mx\/larevista\/wp-json\/wp\/v2\/comments?post=61362"}],"version-history":[{"count":0,"href":"https:\/\/dralvarez.com.mx\/larevista\/wp-json\/wp\/v2\/posts\/61362\/revisions"}],"wp:attachment":[{"href":"https:\/\/dralvarez.com.mx\/larevista\/wp-json\/wp\/v2\/media?parent=61362"}],"wp:term":[{"taxonomy":"category","embeddable":true,"href":"https:\/\/dralvarez.com.mx\/larevista\/wp-json\/wp\/v2\/categories?post=61362"},{"taxonomy":"post_tag","embeddable":true,"href":"https:\/\/dralvarez.com.mx\/larevista\/wp-json\/wp\/v2\/tags?post=61362"}],"curies":[{"name":"wp","href":"https:\/\/api.w.org\/{rel}","templated":true}]}}