{"id":61346,"date":"2018-01-05T00:00:00","date_gmt":"2018-01-05T06:00:00","guid":{"rendered":"https:\/\/dralvarez.com.mx\/larevista\/blog\/repunta-en-un-23-el-uso-de-tranvias-de-la-ciudad-durante-la-temporada-decembrina-21021"},"modified":"2018-01-05T00:00:00","modified_gmt":"2018-01-05T06:00:00","slug":"repunta-en-un-23-el-uso-de-tranvias-de-la-ciudad-durante-la-temporada-decembrina-21021","status":"publish","type":"post","link":"https:\/\/dralvarez.com.mx\/larevista\/compeche\/repunta-en-un-23-el-uso-de-tranvias-de-la-ciudad-durante-la-temporada-decembrina-21021","title":{"rendered":"Repunta en un 23% el uso de tranv\u00edas de la ciudad durante la temporada decembrina"},"content":{"rendered":"<\/p>\n<p>Gracias a los esfuerzos y el trabajo coordinado de<br \/>\nlas autoridades federales, estatales, municipales y sociedad civil, esta<br \/>\ntemporada vacacional decembrina, se tuvo un repunte significativo en el uso de<br \/>\nlos tranv\u00edas, as\u00ed lo inform\u00f3 el Patronato de la Ciudad de Campeche, A.C.<\/p>\n<p>Debido a la<br \/>\ngran afluencia de turistas nacionales y extranjeros, en comparaci\u00f3n con cifras<br \/>\ndel 2016, del 1ro al 31 de diciembre de 2017 se obtuvo un aumento del 23%, esto<br \/>\ngracias al apoyo que el Patronato ha recibido del Gobernador del Estado, Alejandro<br \/>\nMoreno C\u00e1rdenas, quien en 2017 hizo entrega de dos tranv\u00edas nuevos a la<br \/>\nasociaci\u00f3n, duplicando la capacidad de atenci\u00f3n a turistas; a los eventos<br \/>\nrealizados durante todo el mes de diciembre en el marco del Festival<br \/>\nInternacional del Centro Hist\u00f3rico, al cual el Patronato se sum\u00f3 con el<br \/>\nespect\u00e1culo Fussion Live Show, un d\u00fao integrado por los<br \/>\nespa\u00f1oles Robert Mendoza, violinista electr\u00f3nico, y Javi Torres, Dj y<br \/>\npercusionista, quienes se presentaron por primera vez en M\u00e9xico y que cont\u00f3 con<br \/>\nla asistencia de m\u00e1s de 2 mil espectadores quienes se dieron cita en la calle<br \/>\n59 para disfrutar de este evento internacional;<br \/>\ny a la difusi\u00f3n de la ciudad como destino tur\u00edstico cultural.<\/p>\n<p><\/p>\n","protected":false},"excerpt":{"rendered":"<p>Gracias a los esfuerzos y el trabajo coordinado de las autoridades federales, estatales, municipales y sociedad civil.<\/p>\n","protected":false},"author":1018,"featured_media":0,"comment_status":"open","ping_status":"open","sticky":false,"template":"","format":"standard","meta":{"tdm_status":"","tdm_grid_status":"","footnotes":""},"categories":[27],"tags":[],"_links":{"self":[{"href":"https:\/\/dralvarez.com.mx\/larevista\/wp-json\/wp\/v2\/posts\/61346"}],"collection":[{"href":"https:\/\/dralvarez.com.mx\/larevista\/wp-json\/wp\/v2\/posts"}],"about":[{"href":"https:\/\/dralvarez.com.mx\/larevista\/wp-json\/wp\/v2\/types\/post"}],"author":[{"embeddable":true,"href":"https:\/\/dralvarez.com.mx\/larevista\/wp-json\/wp\/v2\/users\/1018"}],"replies":[{"embeddable":true,"href":"https:\/\/dralvarez.com.mx\/larevista\/wp-json\/wp\/v2\/comments?post=61346"}],"version-history":[{"count":0,"href":"https:\/\/dralvarez.com.mx\/larevista\/wp-json\/wp\/v2\/posts\/61346\/revisions"}],"wp:attachment":[{"href":"https:\/\/dralvarez.com.mx\/larevista\/wp-json\/wp\/v2\/media?parent=61346"}],"wp:term":[{"taxonomy":"category","embeddable":true,"href":"https:\/\/dralvarez.com.mx\/larevista\/wp-json\/wp\/v2\/categories?post=61346"},{"taxonomy":"post_tag","embeddable":true,"href":"https:\/\/dralvarez.com.mx\/larevista\/wp-json\/wp\/v2\/tags?post=61346"}],"curies":[{"name":"wp","href":"https:\/\/api.w.org\/{rel}","templated":true}]}}