{"id":61335,"date":"2018-01-04T00:00:00","date_gmt":"2018-01-04T06:00:00","guid":{"rendered":"https:\/\/dralvarez.com.mx\/larevista\/blog\/dif-estatal-invita-a-las-familias-campechanas-al-festival-y-corte-de-la-super-rosca-de-reyes-el-5-de-enero-21010"},"modified":"2018-01-04T00:00:00","modified_gmt":"2018-01-04T06:00:00","slug":"dif-estatal-invita-a-las-familias-campechanas-al-festival-y-corte-de-la-super-rosca-de-reyes-el-5-de-enero-21010","status":"publish","type":"post","link":"https:\/\/dralvarez.com.mx\/larevista\/compeche\/dif-estatal-invita-a-las-familias-campechanas-al-festival-y-corte-de-la-super-rosca-de-reyes-el-5-de-enero-21010","title":{"rendered":"DIF Estatal invita a las familias campechanas al festival y corte de la s\u00faper rosca de reyes el 5 de enero"},"content":{"rendered":"<p>El Sistema Estatal para el Desarrollo Integral de la Familia (DIF), que preside Christelle Casta\u00f1\u00f3n de Moreno, en coordinaci\u00f3n con la Secretar\u00eda de Desarrollo Econ\u00f3mico (SEDECO), invita a las familias para que asistan este 5 de enero al tradicional Festival de Reyes y al corte de la \u201cSuper Rosca de Reyes\u201d, de tres kil\u00f3metros.<\/p>\n<p>Este a\u00f1o las actividades tendr\u00e1n dos sedes: el festival se desarrollar\u00e1 en la Plaza de la Rep\u00fablica a partir de las 18:00 horas, donde los tres reyes magos estar\u00e1n presentes para convivir con las ni\u00f1as y ni\u00f1os; adem\u00e1s, podr\u00e1n participar en divertidos concursos para ganarse sorpresas y regalos. Este evento es organizado por la Direcci\u00f3n de Desarrollo Familiar y Voluntariado  del DIF Estatal.<\/p>\n<p>Asimismo, como parte del festival, las alumnas de las academias de baile como \u201cCinderella\u201d, de los Centros de Desarrollo y Capacitaci\u00f3n (CEDECAS) y de los Centros de Desarrollo Comunitario (CDC) presentar\u00e1n diversos cuadros de baile.<\/p>\n<p>Posteriormente, las autoridades se trasladar\u00e1n al parador fotogr\u00e1fico \u201cCAMPECHE\u201d, donde cortar\u00e1n la \u201cSuper Rosca de Reyes 2018\u201d, que tiene una longitud de tres kil\u00f3metros de largo y que forma parte de la tradici\u00f3n entre las familias campechanas, que la acompa\u00f1an con una tacita de chocolate.<\/p>\n","protected":false},"excerpt":{"rendered":"<p>El Sistema Estatal para el Desarrollo Integral de la Familia (DIF), que preside Christelle Casta\u00f1\u00f3n de Moreno, en coordinaci\u00f3n con la Secretar\u00eda de De<\/p>\n","protected":false},"author":1018,"featured_media":0,"comment_status":"open","ping_status":"open","sticky":false,"template":"","format":"standard","meta":{"tdm_status":"","tdm_grid_status":"","footnotes":""},"categories":[27],"tags":[],"_links":{"self":[{"href":"https:\/\/dralvarez.com.mx\/larevista\/wp-json\/wp\/v2\/posts\/61335"}],"collection":[{"href":"https:\/\/dralvarez.com.mx\/larevista\/wp-json\/wp\/v2\/posts"}],"about":[{"href":"https:\/\/dralvarez.com.mx\/larevista\/wp-json\/wp\/v2\/types\/post"}],"author":[{"embeddable":true,"href":"https:\/\/dralvarez.com.mx\/larevista\/wp-json\/wp\/v2\/users\/1018"}],"replies":[{"embeddable":true,"href":"https:\/\/dralvarez.com.mx\/larevista\/wp-json\/wp\/v2\/comments?post=61335"}],"version-history":[{"count":0,"href":"https:\/\/dralvarez.com.mx\/larevista\/wp-json\/wp\/v2\/posts\/61335\/revisions"}],"wp:attachment":[{"href":"https:\/\/dralvarez.com.mx\/larevista\/wp-json\/wp\/v2\/media?parent=61335"}],"wp:term":[{"taxonomy":"category","embeddable":true,"href":"https:\/\/dralvarez.com.mx\/larevista\/wp-json\/wp\/v2\/categories?post=61335"},{"taxonomy":"post_tag","embeddable":true,"href":"https:\/\/dralvarez.com.mx\/larevista\/wp-json\/wp\/v2\/tags?post=61335"}],"curies":[{"name":"wp","href":"https:\/\/api.w.org\/{rel}","templated":true}]}}