{"id":61313,"date":"2018-01-04T00:00:00","date_gmt":"2018-01-04T06:00:00","guid":{"rendered":"https:\/\/dralvarez.com.mx\/larevista\/blog\/afinan-detalles-para-colocacion-de-puestos-en-el-paseo-de-reyes-20988"},"modified":"2018-01-04T00:00:00","modified_gmt":"2018-01-04T06:00:00","slug":"afinan-detalles-para-colocacion-de-puestos-en-el-paseo-de-reyes-20988","status":"publish","type":"post","link":"https:\/\/dralvarez.com.mx\/larevista\/compeche\/afinan-detalles-para-colocacion-de-puestos-en-el-paseo-de-reyes-20988","title":{"rendered":"Afinan detalles para colocaci\u00f3n de puestos en el Paseo de Reyes"},"content":{"rendered":"<\/p>\n<p>Con el objetivo de garantizar la seguridad de todos los que participen en el tradicional Paseo de Reyes, ya se afinan los \u00faltimos detalles para la organizaci\u00f3n del evento en coordinaci\u00f3n con otras instancias, inform\u00f3 el director de la Unidad de Servicios P\u00fablicos del Ayuntamiento, Pablo S\u00e1nchez Silva.<\/p>\n<p>Agreg\u00f3 que para ello, a partir de este jueves, la Direcci\u00f3n de Vialidad cerrar\u00e1 la circulaci\u00f3n sobre la avenida \u201c16 de septiembre\u201d, para que se puedan instalar los 365 comerciantes que pagaron sus respectivos permisos.<\/p>\n<p>\u201cMantenemos una estrecha coordinaci\u00f3n con instancias tanto federales, estatales y municipales por el tema de Protecci\u00f3n Civil, adem\u00e1s se instalar\u00e1n ba\u00f1os p\u00fablicos para los campechanos que asistan a este recorrido \u201c, indic\u00f3.<\/p>\n<p>Por otro lado, S\u00e1nchez Silva detall\u00f3 que debido a la S\u00faper Rosca de Reyes organizada por la Secretar\u00eda de Desarrollo Econ\u00f3mico (Sedeco), y un festival a cargo del DIF Estatal, se colocar\u00e1n contenedores de basura en los alrededores de la Unidad Deportiva \u201c20 de Noviembre\u201d para que los asistentes a este evento que se realizar\u00e1 en el malec\u00f3n tengan un lugar a la mano para colocar sus desechos.<\/p>\n<p>Tambi\u00e9n se prev\u00e9 la colocaci\u00f3n de botes de basura en el \u00e1rea del teatro \u201cJuan de la Cabada\u201d, por el Paseo de Reyes.<\/p>\n<p>En este tenor, dijo que durante las festividades por el fin de a\u00f1o, se registr\u00f3 un aumento de 30 toneladas de basura a las 250 que se recolectan de manera diaria.<\/p>\n<p>Record\u00f3 que la labor de la empresa Red Ambiental no suspendi\u00f3 su servicio, laborando de manera normal el 25 de diciembre y 1 de enero, a pesar de ser d\u00edas feriados.<\/p>\n<p>Precis\u00f3 que posterior al Gran Baile de A\u00f1o Nuevo, en el malec\u00f3n de la ciudad, se realizaron labores de aseo a partir de las 5 de la ma\u00f1ana, para evitar la acumulaci\u00f3n de desperdicios.<\/p>\n<p>COMERCIOS A LA EXPECTATIVA<\/p>\n<p>A pesar de que el D\u00eda de los Reyes Magos representa un repunte en la venta de juguetes, los baratilleros del principal centro de abasto de la ciudad, se mantienen a la expectativa debido a que las ventas han disminuido entre un 10 y 15 por ciento, en los \u00faltimos a\u00f1os.<\/p>\n<p>Jos\u00e9 Ehu\u00e1n Chan, secretario general del Sindicato de Baratilleros del Mercado \u201cPedro S\u00e1inz de Baranda\u201d, inform\u00f3 que aunque la mayor\u00eda de los locatarios que participan en la venta del Paseo de Reyes iniciaron con su avituallamiento, algunos otros no realizar\u00e1n ninguna actividad debido a que en los \u00faltimos a\u00f1os no han obtenido las ganancias esperadas.<\/p>\n<p>\u201cMuchos dejaron de realizar ventas debido a que los \u00faltimos a\u00f1os han sido muy malos y la mercanc\u00eda se les queda\u201d, abund\u00f3.<\/p>\n<p>Explic\u00f3 que los locatarios que participar\u00e1n en el paseo ya cumplieron con el pago de sus permisos, y solo est\u00e1n pendientes los que no son locatarios que tambi\u00e9n har\u00e1n su lucha para vender en este a\u00f1o.<\/p>\n<p>\u201cTenemos la esperanza de solventar un poco nuestras deudas, y salir de la rutina, pero desgraciadamente la situaci\u00f3n econ\u00f3mica plantea un panorama complicado\u201d, abunda.<\/p>\n<p>Ehu\u00e1n Chan dijo que las bajas ventas se deben a la dif\u00edcil situaci\u00f3n econ\u00f3mica del pa\u00eds y a la competencia que representan las grandes cadenas comerciales, ya que ellos desde noviembre inician con las ventas de Navidad y Reyes Magos, con descuentos y otras formas de pago.<\/p>\n<p>Abund\u00f3 que muchos comerciantes piden cr\u00e9ditos, y pr\u00e9stamos a financieras para adquirir los juguetes, \u201cel problema es si no se venden, tienen que rebajar los productos y los que quedan los guardan para el pr\u00f3ximo a\u00f1o\u201d.<\/p>\n<p>Adelant\u00f3 que los comerciantes del mercado que se colocar\u00e1n en el Paseo de Reyes ofrecer\u00e1n productos desde los 15 hasta los 300 pesos, as\u00ed como la venta de los tradicionales dulceros que no pueden faltar en estas fechas.<\/p><\/p>\n","protected":false},"excerpt":{"rendered":"<p>A partir de este jueves se instalar\u00e1n los primeros 365 locales autorizados, sobre la avenida 16 de Septiembre.<\/p>\n","protected":false},"author":1018,"featured_media":0,"comment_status":"open","ping_status":"open","sticky":false,"template":"","format":"standard","meta":{"tdm_status":"","tdm_grid_status":"","footnotes":""},"categories":[27],"tags":[],"_links":{"self":[{"href":"https:\/\/dralvarez.com.mx\/larevista\/wp-json\/wp\/v2\/posts\/61313"}],"collection":[{"href":"https:\/\/dralvarez.com.mx\/larevista\/wp-json\/wp\/v2\/posts"}],"about":[{"href":"https:\/\/dralvarez.com.mx\/larevista\/wp-json\/wp\/v2\/types\/post"}],"author":[{"embeddable":true,"href":"https:\/\/dralvarez.com.mx\/larevista\/wp-json\/wp\/v2\/users\/1018"}],"replies":[{"embeddable":true,"href":"https:\/\/dralvarez.com.mx\/larevista\/wp-json\/wp\/v2\/comments?post=61313"}],"version-history":[{"count":0,"href":"https:\/\/dralvarez.com.mx\/larevista\/wp-json\/wp\/v2\/posts\/61313\/revisions"}],"wp:attachment":[{"href":"https:\/\/dralvarez.com.mx\/larevista\/wp-json\/wp\/v2\/media?parent=61313"}],"wp:term":[{"taxonomy":"category","embeddable":true,"href":"https:\/\/dralvarez.com.mx\/larevista\/wp-json\/wp\/v2\/categories?post=61313"},{"taxonomy":"post_tag","embeddable":true,"href":"https:\/\/dralvarez.com.mx\/larevista\/wp-json\/wp\/v2\/tags?post=61313"}],"curies":[{"name":"wp","href":"https:\/\/api.w.org\/{rel}","templated":true}]}}