{"id":61311,"date":"2018-01-04T00:00:00","date_gmt":"2018-01-04T06:00:00","guid":{"rendered":"https:\/\/dralvarez.com.mx\/larevista\/blog\/transparencia-y-rendicion-de-cuentas-prioridad-de-este-gobierno-aap-20986"},"modified":"2018-01-04T00:00:00","modified_gmt":"2018-01-04T06:00:00","slug":"transparencia-y-rendicion-de-cuentas-prioridad-de-este-gobierno-aap-20986","status":"publish","type":"post","link":"https:\/\/dralvarez.com.mx\/larevista\/compeche\/transparencia-y-rendicion-de-cuentas-prioridad-de-este-gobierno-aap-20986","title":{"rendered":"Transparencia y rendici\u00f3n de cuentas, prioridad de este gobierno: AAP"},"content":{"rendered":"<p>Al destacar que la administraci\u00f3n que encabeza el gobernador Alejandro Moreno C\u00e1rdenas, est\u00e1 comprometida con la transparencia y la rendici\u00f3n de cuentas, la titular de la Secretar\u00eda de Finanzas, Am\u00e9rica Azar P\u00e9rez, asegur\u00f3 que Campeche es uno de los estados del pa\u00eds con mayor orden financiero y eficacia en el ejercicio presupuestal.<\/p>\n<p>\u201cEl titular del Ejecutivo estatal ha sido muy determinante en su instrucci\u00f3n de que los recursos p\u00fablicos se apliquen completos en las obras y acciones para los que fueron destinados, pero adem\u00e1s que sea de forma transparente para rendir cuentas claras a los campechanos\u201d, sostuvo.<\/p>\n<p>Azar P\u00e9rez indic\u00f3 que el manejo honesto y transparente del dinero p\u00fablico es prioridad para la administraci\u00f3n estatal, por lo que la dependencia que dirige ha establecido con diversas instancias estatales como la Contralor\u00eda y la Fiscal\u00eda General, un mecanismo de vigilancia y seguimiento del ejercicio presupuestal.<\/p>\n<p>Resalt\u00f3 que las acciones que el gobierno estatal ha puesto en marcha, ha permitido que la entidad sea reconocida por instituciones ciudadanas, como el Instituto Mexicano para la Competitividad  (IMCO), como una de las que mantiene un adecuado orden financiero y eficacia entre el presupuesto y el gasto p\u00fablico.<br \/>&nbsp; <br \/>Por otro lado, Azar P\u00e9rez abund\u00f3 en el tema del Programa de Residentes de Carmen y confirm\u00f3 que por disposici\u00f3n del Ejecutivo, se emiti\u00f3 un Acuerdo para simplificar los requisitos establecidos en la obtenci\u00f3n del beneficio, por lo que las personas f\u00edsicas que ya est\u00e1n inscritas en el programa y cuentan con su calcoman\u00eda 2017 ya no tendr\u00e1n que renovarla, sino hasta el nuevo canje de placas vehicular.<\/p>\n<p>Asimismo, invit\u00f3 a quienes a\u00fan no est\u00e1n registrados en el padr\u00f3n de residentes, aprovechar a realizar este tr\u00e1mite al momento de pagar el refrendo vehicular de 2018. <\/p>\n","protected":false},"excerpt":{"rendered":"<p>Am\u00e9rica Azar P\u00e9rez, asegur\u00f3 que Campeche es uno de los estados del pa\u00eds con mayor orden financiero y eficacia en el ejercicio presupuestal.<\/p>\n","protected":false},"author":1018,"featured_media":0,"comment_status":"open","ping_status":"open","sticky":false,"template":"","format":"standard","meta":{"tdm_status":"","tdm_grid_status":"","footnotes":""},"categories":[27],"tags":[],"_links":{"self":[{"href":"https:\/\/dralvarez.com.mx\/larevista\/wp-json\/wp\/v2\/posts\/61311"}],"collection":[{"href":"https:\/\/dralvarez.com.mx\/larevista\/wp-json\/wp\/v2\/posts"}],"about":[{"href":"https:\/\/dralvarez.com.mx\/larevista\/wp-json\/wp\/v2\/types\/post"}],"author":[{"embeddable":true,"href":"https:\/\/dralvarez.com.mx\/larevista\/wp-json\/wp\/v2\/users\/1018"}],"replies":[{"embeddable":true,"href":"https:\/\/dralvarez.com.mx\/larevista\/wp-json\/wp\/v2\/comments?post=61311"}],"version-history":[{"count":0,"href":"https:\/\/dralvarez.com.mx\/larevista\/wp-json\/wp\/v2\/posts\/61311\/revisions"}],"wp:attachment":[{"href":"https:\/\/dralvarez.com.mx\/larevista\/wp-json\/wp\/v2\/media?parent=61311"}],"wp:term":[{"taxonomy":"category","embeddable":true,"href":"https:\/\/dralvarez.com.mx\/larevista\/wp-json\/wp\/v2\/categories?post=61311"},{"taxonomy":"post_tag","embeddable":true,"href":"https:\/\/dralvarez.com.mx\/larevista\/wp-json\/wp\/v2\/tags?post=61311"}],"curies":[{"name":"wp","href":"https:\/\/api.w.org\/{rel}","templated":true}]}}