{"id":61310,"date":"2018-01-04T00:00:00","date_gmt":"2018-01-04T06:00:00","guid":{"rendered":"https:\/\/dralvarez.com.mx\/larevista\/blog\/cierre-de-vialidades-por-festejos-del-dia-de-reyes-20984"},"modified":"2018-01-04T00:00:00","modified_gmt":"2018-01-04T06:00:00","slug":"cierre-de-vialidades-por-festejos-del-dia-de-reyes-20984","status":"publish","type":"post","link":"https:\/\/dralvarez.com.mx\/larevista\/compeche\/cierre-de-vialidades-por-festejos-del-dia-de-reyes-20984","title":{"rendered":"Cierre de vialidades por festejos del d\u00eda de Reyes"},"content":{"rendered":"<p>La Secretar\u00eda de Seguridad P\u00fablica del Gobierno del Estado de Campeche (SSPCAM) da a conocer a la ciudadan\u00eda que estar\u00e1 realizando cierres parciales de importantes vialidades con motivo de las festividades relacionadas al paseo del \u201cD\u00eda de Reyes\u201d y al corte de la tradicional \u201cRosca de Reyes\u201d.<\/p>\n<p>De esta forma, a partir de las 09:00 horas de este jueves 4 de enero de 2018, por el tradicional \u201cPaseo de Reyes\u201d, se iniciar\u00e1 el cierre parcial a la circulaci\u00f3n de la avenida 16 de Septiembre, desde el edificio del Comit\u00e9 Directivo Estatal (CDE) del Partido Revolucionario Institucional (PRI) hasta el Palacio de Gobierno Estatal.<\/p>\n<p>Asimismo, el viernes 5 de enero, a partir de las 06:00 horas, se realizar\u00e1 el cierre total en  los cruces de la avenida 16 de Septiembre por calles 61 y 49, y los cruces con las calles 8 por 61.<\/p>\n<p>En cuanto a la Tradicional Rosca de Reyes, el d\u00eda 5 de enero, desde las primeras horas se estar\u00e1 cerrando la avenida Justo Sierra M\u00e9ndez hasta la avenida Ram\u00f3n Pi\u00f1a Chan, en su arteria colindante al mar, quedando en doble circulaci\u00f3n la arteria central y en su sentido natural la calle de los restaurantes.<\/p>\n<p>Debido a estas disposiciones, la SSPCAM exhorta a los conductores de todo tipo de veh\u00edculos a prevenir las molestias que estos cierres podr\u00edan provocar, buscando v\u00edas alternas para trasladarse de un lugar a otro.<\/p>\n","protected":false},"excerpt":{"rendered":"<p>El 5 de enero, un carril del malec\u00f3n de Campeche, entre avenida Rom\u00e1n Pi\u00f1a Chan y la Glorieta del Asta de Bandera ser\u00e1 cerrado. El carril que se queda<\/p>\n","protected":false},"author":1018,"featured_media":0,"comment_status":"open","ping_status":"open","sticky":false,"template":"","format":"standard","meta":{"tdm_status":"","tdm_grid_status":"","footnotes":""},"categories":[27],"tags":[],"_links":{"self":[{"href":"https:\/\/dralvarez.com.mx\/larevista\/wp-json\/wp\/v2\/posts\/61310"}],"collection":[{"href":"https:\/\/dralvarez.com.mx\/larevista\/wp-json\/wp\/v2\/posts"}],"about":[{"href":"https:\/\/dralvarez.com.mx\/larevista\/wp-json\/wp\/v2\/types\/post"}],"author":[{"embeddable":true,"href":"https:\/\/dralvarez.com.mx\/larevista\/wp-json\/wp\/v2\/users\/1018"}],"replies":[{"embeddable":true,"href":"https:\/\/dralvarez.com.mx\/larevista\/wp-json\/wp\/v2\/comments?post=61310"}],"version-history":[{"count":0,"href":"https:\/\/dralvarez.com.mx\/larevista\/wp-json\/wp\/v2\/posts\/61310\/revisions"}],"wp:attachment":[{"href":"https:\/\/dralvarez.com.mx\/larevista\/wp-json\/wp\/v2\/media?parent=61310"}],"wp:term":[{"taxonomy":"category","embeddable":true,"href":"https:\/\/dralvarez.com.mx\/larevista\/wp-json\/wp\/v2\/categories?post=61310"},{"taxonomy":"post_tag","embeddable":true,"href":"https:\/\/dralvarez.com.mx\/larevista\/wp-json\/wp\/v2\/tags?post=61310"}],"curies":[{"name":"wp","href":"https:\/\/api.w.org\/{rel}","templated":true}]}}