{"id":61289,"date":"2018-01-03T00:00:00","date_gmt":"2018-01-03T06:00:00","guid":{"rendered":"https:\/\/dralvarez.com.mx\/larevista\/blog\/fomentar-ambientes-seguros-en-las-escuelas-prioridad-de-la-seduc-sanchez-rocha-20962"},"modified":"2018-01-03T00:00:00","modified_gmt":"2018-01-03T06:00:00","slug":"fomentar-ambientes-seguros-en-las-escuelas-prioridad-de-la-seduc-sanchez-rocha-20962","status":"publish","type":"post","link":"https:\/\/dralvarez.com.mx\/larevista\/compeche\/fomentar-ambientes-seguros-en-las-escuelas-prioridad-de-la-seduc-sanchez-rocha-20962","title":{"rendered":"Fomentar ambientes seguros en las escuelas, prioridad de la SEDUC: S\u00e1nchez Rocha"},"content":{"rendered":"<p>La protecci\u00f3n de los menores y el desarrollo de acciones para contar con espacios escolares m\u00e1s sanos es una de las principales prioridades de la Secretar\u00eda de Educaci\u00f3n (SEDUC), as\u00ed lo asegur\u00f3, Mercedes S\u00e1nchez Rocha, coordinadora del Centro para la Protecci\u00f3n del Bienestar de Ni\u00f1as, Ni\u00f1os y Adolescentes y la Promoci\u00f3n de la Convivencia Escolar en Escuelas de Educaci\u00f3n B\u00e1sica (CONVIVE).<\/p>\n<p>Al renombrar las acciones que durante el 2017 se llevaron a cabo en materia de prevenci\u00f3n de la violencia y acoso escolar en planteles de nivel b\u00e1sico, S\u00e1nchez Rocha destac\u00f3 la principal fue la creaci\u00f3n de la coordinaci\u00f3n CONVIVE, que es un espacio que cuenta con personal autorizado, psic\u00f3logos y terapeutas familiares, para dar acompa\u00f1amiento a la atenci\u00f3n de los casos y ayudar a reconstruir la confianza en los alumnos.<\/p>\n<p>Esta, dijo, atiende algunas de las funciones de lo que era la Coordinaci\u00f3n de Corresponsabilidad Social donde se brindaba apoyo a los casos de vulneraci\u00f3n de los derechos de los ni\u00f1os, sin embargo, ahora con la nueva estructura, se abordan nuevas funciones y exclusivas de la protecci\u00f3n de los menores.<\/p>\n<p>Dentro de las estrategias que implementa la coordinaci\u00f3n CONVIVE se encuentra el call center \u201cPlatica Conmigo\u201d, un servicio de l\u00ednea telef\u00f3nica (018007371010) que es atendida por personal capacitado para recibir, identificar y atender de manera inmediata y de primer contacto, dar seguimiento y registrar los casos que se reportan.<\/p>\n<p>Asimismo, la funcionaria subray\u00f3 otra acci\u00f3n encaminada a fin de promover y coadyuvar a fortalecer la prevenci\u00f3n que se realiza en las escuelas para combatir situaciones que afecten con el desarrollo de los menores; esta es la implementaci\u00f3n del Programa Nacional de Convivencia Escolar (PNCE) que busca desarrollar las habilidades psicoemocionales de los alumnos para que estos sean fuertes y poder enfrentar estas circunstancias, con su autocuidado y solicitando ayuda de quienes le rodean, esto es, docentes, directivos y autoridades educativas.<\/p>\n<p>En este sentido, mencion\u00f3 que el PNCE funciona dotando de material para el alumno, el docente, as\u00ed como los padres de familia, mismos que les ayudar\u00e1 a ejercitar dichas habilidades y fortalecerlas.<\/p>\n<p>Refiri\u00f3 que, en este 2018, este programa beneficiar\u00e1 a 529 escuelas con este material bibliogr\u00e1fico, y otras m\u00e1s se equipar\u00e1n con bibliotecas especialmente dise\u00f1adas con temas de maltrato, acoso, ciber bullying y de abuso sexual para ir fortaleciendo las acciones de prevenci\u00f3n en los centros escolares de la geograf\u00eda estatal.<\/p>\n<p>De igual manera, la responsable de CONVIVE subray\u00f3 la estrecha coordinaci\u00f3n con diversas instancias estatales y federales que conforman la red de instituciones que contribuyen complementar y ampliar la cobertura de las escuelas atendidas a trav\u00e9s de sus propios programas; dentro de estas se encuentran: la Secretar\u00eda de Salud; la Comisi\u00f3n Estatal de Derechos Humanos; la Procuradur\u00eda de Protecci\u00f3n de Ni\u00f1os, Ni\u00f1as y Adolescentes; la Polic\u00eda Federal; la Secretar\u00eda de Seguridad P\u00fablica; entre otras.<\/p>\n<p>Finalmente refiri\u00f3 que al interior de la coordinaci\u00f3n tambi\u00e9n se desarrollan proyectos y uno de ellos es la alianza con estudiantes de carreras sociales que hacen su servicio social o su pasant\u00eda en las escuelas de educaci\u00f3n b\u00e1sica, y mediante ellos se perfeccionan las habilidades de los alumnos con acciones como talleres, conferencias, convivencias familiares, etc.<\/p>\n<p>\u201cCon todas y cada una de estas actividades se demuestra que desde la SEDUC se est\u00e1 haciendo frente y construyendo las respuestas pertinentes para que estas problem\u00e1ticas disminuyan y para que dejen de hacer da\u00f1o a nuestras ni\u00f1as, ni\u00f1os y adolescentes, para que puedan de alguna manera seguir en las escuelas con la mejora de su aprendizaje y aprender en ambientes seguros\u201d, asegur\u00f3.<\/p>\n","protected":false},"excerpt":{"rendered":"<p>* Importantes logros para combatir la violencia en los centros escolares.<\/p>\n","protected":false},"author":1018,"featured_media":0,"comment_status":"open","ping_status":"open","sticky":false,"template":"","format":"standard","meta":{"tdm_status":"","tdm_grid_status":"","footnotes":""},"categories":[27],"tags":[],"_links":{"self":[{"href":"https:\/\/dralvarez.com.mx\/larevista\/wp-json\/wp\/v2\/posts\/61289"}],"collection":[{"href":"https:\/\/dralvarez.com.mx\/larevista\/wp-json\/wp\/v2\/posts"}],"about":[{"href":"https:\/\/dralvarez.com.mx\/larevista\/wp-json\/wp\/v2\/types\/post"}],"author":[{"embeddable":true,"href":"https:\/\/dralvarez.com.mx\/larevista\/wp-json\/wp\/v2\/users\/1018"}],"replies":[{"embeddable":true,"href":"https:\/\/dralvarez.com.mx\/larevista\/wp-json\/wp\/v2\/comments?post=61289"}],"version-history":[{"count":0,"href":"https:\/\/dralvarez.com.mx\/larevista\/wp-json\/wp\/v2\/posts\/61289\/revisions"}],"wp:attachment":[{"href":"https:\/\/dralvarez.com.mx\/larevista\/wp-json\/wp\/v2\/media?parent=61289"}],"wp:term":[{"taxonomy":"category","embeddable":true,"href":"https:\/\/dralvarez.com.mx\/larevista\/wp-json\/wp\/v2\/categories?post=61289"},{"taxonomy":"post_tag","embeddable":true,"href":"https:\/\/dralvarez.com.mx\/larevista\/wp-json\/wp\/v2\/tags?post=61289"}],"curies":[{"name":"wp","href":"https:\/\/api.w.org\/{rel}","templated":true}]}}