{"id":61277,"date":"2018-01-02T00:00:00","date_gmt":"2018-01-02T06:00:00","guid":{"rendered":"https:\/\/dralvarez.com.mx\/larevista\/blog\/cambio-en-las-condiciones-del-tiempo-en-campeche-20950"},"modified":"2018-01-02T00:00:00","modified_gmt":"2018-01-02T06:00:00","slug":"cambio-en-las-condiciones-del-tiempo-en-campeche-20950","status":"publish","type":"post","link":"https:\/\/dralvarez.com.mx\/larevista\/compeche\/cambio-en-las-condiciones-del-tiempo-en-campeche-20950","title":{"rendered":"Cambio en las condiciones del tiempo en Campeche"},"content":{"rendered":"<p>El Gobierno del Estado de Campeche, a trav\u00e9s de la Secretar\u00eda de Protecci\u00f3n Civil (SEPROCI), informa acerca del arribo del Frente Fr\u00edo No 20 a la entidad, el cual dejar\u00e1 a su paso aumento en los nublados y lluvias aisladas cuando cruce la regi\u00f3n entre este lunes y martes, provocando estos cambios en las condiciones del tiempo.<\/p>\n<p>Las lluvias podr\u00e1n ser de intensidad moderada a ocasionalmente fuerte de manera aislada, sobre todo en los municipios del Centro y Sur del Estado; adicionalmente, se espera que se presente viento variable del Norte y Noreste con velocidades entre 30 y 50 Km\/h, con rachas de mayor intensidad en la costa de la entidad. Asimismo, con la presencia del viento se espera tambi\u00e9n oleaje elevado especialmente en la costa Sur; tanto el viento y el oleaje tendr\u00e1n una ligera disminuci\u00f3n en su intensidad conforme avance el martes. <\/p>\n<p>A su vez, se espera que para mediados de esta misma semana se tenga un refuerzo de aire fr\u00edo, el cual complementar\u00eda las condiciones de viento en Campeche, as\u00ed como un descenso de temperatura. <\/p>\n<p>De esta manera se espera que las temperaturas bajen paulatinamente para ubicarse en las pr\u00f3ximas 36 horas con m\u00e1ximas entre los 24\u00b0C y 30\u00b0C y las m\u00ednimas entre 15\u00b0C y 20\u00b0C; sin embargo, con el refuerzo de aire fr\u00edo y a mediados de semana, las m\u00e1ximas podr\u00edan ubicarse entre los 20\u00b0C y 28\u00b0C, mientras que las m\u00ednimas estar\u00e1n entre 12\u00b0C y 17\u00b0C, sin descartar la posibilidad de que se registren valores por debajo de estos rangos.<\/p>\n<p>Por lo anterior, la SEPROCI exhorta a la poblaci\u00f3n en general a tomar sus precauciones por este cambio en las condiciones del tiempo que provocar\u00e1 lluvias aisladas, viento con rachas y oleaje elevado, as\u00ed como un notable descenso de temperatura despu\u00e9s de mediados de semana. De igual manera, a la navegaci\u00f3n mar\u00edtima se le recomienda estar atenta a los avisos de su capitan\u00eda de puerto correspondiente y extremar precauciones ante estas condiciones del tiempo.<\/p>\n","protected":false},"excerpt":{"rendered":"<p>SEPROCI informa acerca del arribo del Frente Fr\u00edo No 20 a la entidad.<\/p>\n","protected":false},"author":1018,"featured_media":0,"comment_status":"open","ping_status":"open","sticky":false,"template":"","format":"standard","meta":{"tdm_status":"","tdm_grid_status":"","footnotes":""},"categories":[27],"tags":[],"_links":{"self":[{"href":"https:\/\/dralvarez.com.mx\/larevista\/wp-json\/wp\/v2\/posts\/61277"}],"collection":[{"href":"https:\/\/dralvarez.com.mx\/larevista\/wp-json\/wp\/v2\/posts"}],"about":[{"href":"https:\/\/dralvarez.com.mx\/larevista\/wp-json\/wp\/v2\/types\/post"}],"author":[{"embeddable":true,"href":"https:\/\/dralvarez.com.mx\/larevista\/wp-json\/wp\/v2\/users\/1018"}],"replies":[{"embeddable":true,"href":"https:\/\/dralvarez.com.mx\/larevista\/wp-json\/wp\/v2\/comments?post=61277"}],"version-history":[{"count":0,"href":"https:\/\/dralvarez.com.mx\/larevista\/wp-json\/wp\/v2\/posts\/61277\/revisions"}],"wp:attachment":[{"href":"https:\/\/dralvarez.com.mx\/larevista\/wp-json\/wp\/v2\/media?parent=61277"}],"wp:term":[{"taxonomy":"category","embeddable":true,"href":"https:\/\/dralvarez.com.mx\/larevista\/wp-json\/wp\/v2\/categories?post=61277"},{"taxonomy":"post_tag","embeddable":true,"href":"https:\/\/dralvarez.com.mx\/larevista\/wp-json\/wp\/v2\/tags?post=61277"}],"curies":[{"name":"wp","href":"https:\/\/api.w.org\/{rel}","templated":true}]}}