{"id":61276,"date":"2018-01-02T00:00:00","date_gmt":"2018-01-02T06:00:00","guid":{"rendered":"https:\/\/dralvarez.com.mx\/larevista\/blog\/gobernador-alejandro-moreno-cardenas-encabezo-la-primera-reunion-de-2018-del-gabinete-legal-y-ampliado-20949"},"modified":"2018-01-02T00:00:00","modified_gmt":"2018-01-02T06:00:00","slug":"gobernador-alejandro-moreno-cardenas-encabezo-la-primera-reunion-de-2018-del-gabinete-legal-y-ampliado-20949","status":"publish","type":"post","link":"https:\/\/dralvarez.com.mx\/larevista\/compeche\/gobernador-alejandro-moreno-cardenas-encabezo-la-primera-reunion-de-2018-del-gabinete-legal-y-ampliado-20949","title":{"rendered":"Gobernador Alejandro Moreno C\u00e1rdenas encabez\u00f3 la primera reuni\u00f3n de 2018 del gabinete legal y ampliado"},"content":{"rendered":"<p>El gobernador Alejandro Moreno C\u00e1rdenas encabez\u00f3 la primera reuni\u00f3n de 2018 del gabinete legal y ampliado, en la que intruy\u00f3 reforzar el trabajo de coordinaci\u00f3n y gesti\u00f3n para generar m\u00e1s oportunidades y resultados a los campechanos. \u201cEl estado cuenta con el firme respaldo del presidente Enrique Pe\u00f1a Nieto, por lo que este a\u00f1o ser\u00e1 determinante para detonar el crecimiento y la transformaci\u00f3n que se ha anhelado durante mucho tiempo\u201d, subray\u00f3 el titular del Ejecutivo estatal.<\/p>\n","protected":false},"excerpt":{"rendered":"<p>Gobernador Alejandro Moreno C\u00e1rdenas encabez\u00f3 la primera reuni\u00f3n de 2018 del gabinete legal y ampliado.<\/p>\n","protected":false},"author":1018,"featured_media":0,"comment_status":"open","ping_status":"open","sticky":false,"template":"","format":"standard","meta":{"tdm_status":"","tdm_grid_status":"","footnotes":""},"categories":[27],"tags":[],"_links":{"self":[{"href":"https:\/\/dralvarez.com.mx\/larevista\/wp-json\/wp\/v2\/posts\/61276"}],"collection":[{"href":"https:\/\/dralvarez.com.mx\/larevista\/wp-json\/wp\/v2\/posts"}],"about":[{"href":"https:\/\/dralvarez.com.mx\/larevista\/wp-json\/wp\/v2\/types\/post"}],"author":[{"embeddable":true,"href":"https:\/\/dralvarez.com.mx\/larevista\/wp-json\/wp\/v2\/users\/1018"}],"replies":[{"embeddable":true,"href":"https:\/\/dralvarez.com.mx\/larevista\/wp-json\/wp\/v2\/comments?post=61276"}],"version-history":[{"count":0,"href":"https:\/\/dralvarez.com.mx\/larevista\/wp-json\/wp\/v2\/posts\/61276\/revisions"}],"wp:attachment":[{"href":"https:\/\/dralvarez.com.mx\/larevista\/wp-json\/wp\/v2\/media?parent=61276"}],"wp:term":[{"taxonomy":"category","embeddable":true,"href":"https:\/\/dralvarez.com.mx\/larevista\/wp-json\/wp\/v2\/categories?post=61276"},{"taxonomy":"post_tag","embeddable":true,"href":"https:\/\/dralvarez.com.mx\/larevista\/wp-json\/wp\/v2\/tags?post=61276"}],"curies":[{"name":"wp","href":"https:\/\/api.w.org\/{rel}","templated":true}]}}