{"id":61275,"date":"2018-01-02T00:00:00","date_gmt":"2018-01-02T06:00:00","guid":{"rendered":"https:\/\/dralvarez.com.mx\/larevista\/blog\/gobernador-amc-y-esposa-visitan-a-la-primera-bebe-de-2018-20948"},"modified":"2018-01-02T00:00:00","modified_gmt":"2018-01-02T06:00:00","slug":"gobernador-amc-y-esposa-visitan-a-la-primera-bebe-de-2018-20948","status":"publish","type":"post","link":"https:\/\/dralvarez.com.mx\/larevista\/compeche\/gobernador-amc-y-esposa-visitan-a-la-primera-bebe-de-2018-20948","title":{"rendered":"Gobernador AMC y esposa visitan a la primera beb\u00e9 de 2018"},"content":{"rendered":"<p>El gobernador Alejandro Moreno C\u00e1rdenas y su esposa, Christelle Casta\u00f1\u00f3n de Moreno, visitaron a la primera beb\u00e9 de 2018, nacida a las 00.10 horas en el Hospital General de Especialidades \u201cDr. Javier Buenfil Osorio\u201d, con un peso de 2.9 kilogramos y 50 cent\u00edmetros de largo.<\/p>\n<p>La peque\u00f1a naci\u00f3 a las 36 semanas de gestaci\u00f3n, en parto natural y se encuentra en perfectas condiciones de salud.<\/p>\n<p>El mandatario y su esposa felicitaron a la orgullosa madre Mar\u00eda Marlene Pech Ak\u00e9, oriunda de la comunidad de Bacabch\u00e9n, Calkin\u00ed, quien se recupera en la cama 260 del nosocomio. <\/p>\n<p>Durante la pl\u00e1tica, Moreno C\u00e1rdenas pidi\u00f3 a la joven madre tener certeza de que 2018 ser\u00e1 un a\u00f1o de mayores oportunidades, pues se fortalecer\u00e1n los programas sociales que permitir\u00e1n elevar las condiciones de bienestar de las familias campechanas.<\/p>\n<p>Pocos antes de retirarse del hosptial, salud\u00f3 al personal de enfermer\u00eda con el que comparti\u00f3 los deseos de un pr\u00f3spero 2018.<\/p>\n<p>El matrimonio Moreno Casta\u00f1\u00f3n realiz\u00f3 la visita esta madrugada, acompa\u00f1ado del secretario de Salud, Rafael Rodr\u00edguez Cabrera y su esposa, Jamile Selem de Rodr\u00edguez, as\u00ed como de los directores de Hospitales, Ram\u00f3n Mart\u00ednez Olivares, y del \u201cDr. Javier Buenfil Osorio\u201d, Daniel Maldonado Garc\u00eda. <\/p>\n","protected":false},"excerpt":{"rendered":"<p>La peque\u00f1a naci\u00f3 a las 36 semanas de gestaci\u00f3n, en parto natural y se encuentra en perfectas condiciones de salud.<\/p>\n","protected":false},"author":1018,"featured_media":0,"comment_status":"open","ping_status":"open","sticky":false,"template":"","format":"standard","meta":{"tdm_status":"","tdm_grid_status":"","footnotes":""},"categories":[27],"tags":[],"_links":{"self":[{"href":"https:\/\/dralvarez.com.mx\/larevista\/wp-json\/wp\/v2\/posts\/61275"}],"collection":[{"href":"https:\/\/dralvarez.com.mx\/larevista\/wp-json\/wp\/v2\/posts"}],"about":[{"href":"https:\/\/dralvarez.com.mx\/larevista\/wp-json\/wp\/v2\/types\/post"}],"author":[{"embeddable":true,"href":"https:\/\/dralvarez.com.mx\/larevista\/wp-json\/wp\/v2\/users\/1018"}],"replies":[{"embeddable":true,"href":"https:\/\/dralvarez.com.mx\/larevista\/wp-json\/wp\/v2\/comments?post=61275"}],"version-history":[{"count":0,"href":"https:\/\/dralvarez.com.mx\/larevista\/wp-json\/wp\/v2\/posts\/61275\/revisions"}],"wp:attachment":[{"href":"https:\/\/dralvarez.com.mx\/larevista\/wp-json\/wp\/v2\/media?parent=61275"}],"wp:term":[{"taxonomy":"category","embeddable":true,"href":"https:\/\/dralvarez.com.mx\/larevista\/wp-json\/wp\/v2\/categories?post=61275"},{"taxonomy":"post_tag","embeddable":true,"href":"https:\/\/dralvarez.com.mx\/larevista\/wp-json\/wp\/v2\/tags?post=61275"}],"curies":[{"name":"wp","href":"https:\/\/api.w.org\/{rel}","templated":true}]}}