{"id":61274,"date":"2018-01-02T00:00:00","date_gmt":"2018-01-02T06:00:00","guid":{"rendered":"https:\/\/dralvarez.com.mx\/larevista\/blog\/miles-participan-en-el-baile-de-fin-de-ano-dan-la-bienvenida-al-2018-20947"},"modified":"2018-01-02T00:00:00","modified_gmt":"2018-01-02T06:00:00","slug":"miles-participan-en-el-baile-de-fin-de-ano-dan-la-bienvenida-al-2018-20947","status":"publish","type":"post","link":"https:\/\/dralvarez.com.mx\/larevista\/compeche\/miles-participan-en-el-baile-de-fin-de-ano-dan-la-bienvenida-al-2018-20947","title":{"rendered":"Miles participan en el baile de fin de a\u00f1o; dan la bienvenida al 2018"},"content":{"rendered":"<\/p>\n<p>Con el tradicional conteo<br \/>\nregresivo de \u201c\u00a110, 9, 8, 7, 6, 5, 4, 3, 2, 1!\u201d, miles de campechanos y turistas<br \/>\ndieron la bievenida al 2018, desde el emblem\u00e1tico malec\u00f3n de la ciudad, en el<br \/>\nmarco un magno baile popular de Fin de A\u00f1o que por primera vez en la historia<br \/>\ndel estado convoc\u00f3 el Gobierno de Campeche y reuni\u00f3 a tres grupos musicales de<br \/>\nfama nacional e internacional.<\/p>\n<p>La celebraci\u00f3n fue encabezada por<br \/>\nel gobernador Alejandro Moreno C\u00e1rdenas, quien acompa\u00f1ado de su esposa,<br \/>\nChristelle Casta\u00f1\u00f3n de Moreno, desde un escenario colocado en las inmediaciones<br \/>\ndel muelle de San Rom\u00e1n, dese\u00f3 a los asistentes un a\u00f1o lleno de \u00e9xito y<br \/>\nprosperidad.<\/p>\n<p>Inmediatamente, se ofreci\u00f3 un<br \/>\nmajetuoso espect\u00e1culo de juegos pirot\u00e9cnicos que durante los primeros segundos<br \/>\ndel nuevo a\u00f1o, desde el mar, ilumin\u00f3 el cielo campechano.<\/p>\n<p>La noche de fiesta comenz\u00f3 con<br \/>\nLos Joao, agrupaci\u00f3n veracruzana formada en los a\u00f1os 70, que anim\u00f3 el ambiente<br \/>\ncon sus \u00e9xitos &#8220;Mar\u00eda Isabel&#8221;, &#8220;El muerto vivo&#8221;,<br \/>\n&#8220;Quiero amanecer&#8221;, &#8220;Qu\u00e9date&#8221; y &#8220;Pedro Navaja\u201d. <\/p>\n<p>Posteriormente, Los Socios del<br \/>\nRitmo se presentaron interpretando sus \u00e9xitos \u201cChilito piqu\u00edn\u201d, \u201cEsperanza\u201d,<br \/>\n\u201cEl Carret\u00f3n\u201d, \u201cCalabaza y Mel\u00f3n\u201d, \u201cLero, lero presumido\u201d y \u201cLlorar\u201d, entre<br \/>\notros.<\/p>\n<p>A escasos dos minutos de la<br \/>\nllegada del 2018, el Gobernador del Estado hizo entrega de un reconocimiento a<br \/>\nla agrupacion campechana por excelencia, y segundos despu\u00e9s comenz\u00f3, junto con<br \/>\nla multitud, la cuenta regresiva para recibir al a\u00f1o nuevo.<\/p>\n<p>Despu\u00e9s, Moreno C\u00e1rdenas y su<br \/>\nesposa, se unieron al baile que continuaron amenizando Los Socios del Ritmo con<br \/>\nel tradicional \u201cYo no olvido al a\u00f1o viejo\u201d.<\/p>\n<p>M\u00e1s tarde, apareci\u00f3 en el<br \/>\nescenario La Aut\u00e9ntica Santanera de Gildardo Z\u00e1rate, que cerr\u00f3 con broche de<br \/>\noro el baile.<\/p>\n<p>En la celebraci\u00f3n estuvo<br \/>\npresente, el jefe de la Oficina del Gobernador, Claudio Cetina G\u00f3mez, y el<br \/>\nsecretario de Cultura, Delio Carrillo P\u00e9rez.<\/p><\/p>\n","protected":false},"excerpt":{"rendered":"<p>\u2022\tGobernador AMC y esposa encabezan la celebraci\u00f3n.<\/p>\n","protected":false},"author":1018,"featured_media":0,"comment_status":"open","ping_status":"open","sticky":false,"template":"","format":"standard","meta":{"tdm_status":"","tdm_grid_status":"","footnotes":""},"categories":[27],"tags":[],"_links":{"self":[{"href":"https:\/\/dralvarez.com.mx\/larevista\/wp-json\/wp\/v2\/posts\/61274"}],"collection":[{"href":"https:\/\/dralvarez.com.mx\/larevista\/wp-json\/wp\/v2\/posts"}],"about":[{"href":"https:\/\/dralvarez.com.mx\/larevista\/wp-json\/wp\/v2\/types\/post"}],"author":[{"embeddable":true,"href":"https:\/\/dralvarez.com.mx\/larevista\/wp-json\/wp\/v2\/users\/1018"}],"replies":[{"embeddable":true,"href":"https:\/\/dralvarez.com.mx\/larevista\/wp-json\/wp\/v2\/comments?post=61274"}],"version-history":[{"count":0,"href":"https:\/\/dralvarez.com.mx\/larevista\/wp-json\/wp\/v2\/posts\/61274\/revisions"}],"wp:attachment":[{"href":"https:\/\/dralvarez.com.mx\/larevista\/wp-json\/wp\/v2\/media?parent=61274"}],"wp:term":[{"taxonomy":"category","embeddable":true,"href":"https:\/\/dralvarez.com.mx\/larevista\/wp-json\/wp\/v2\/categories?post=61274"},{"taxonomy":"post_tag","embeddable":true,"href":"https:\/\/dralvarez.com.mx\/larevista\/wp-json\/wp\/v2\/tags?post=61274"}],"curies":[{"name":"wp","href":"https:\/\/api.w.org\/{rel}","templated":true}]}}