{"id":61258,"date":"2018-01-02T00:00:00","date_gmt":"2018-01-02T06:00:00","guid":{"rendered":"https:\/\/dralvarez.com.mx\/larevista\/blog\/en-2018-mas-apoyos-y-oportunidades-educativas-alejandro-moreno-cardenas-20931"},"modified":"2018-01-02T00:00:00","modified_gmt":"2018-01-02T06:00:00","slug":"en-2018-mas-apoyos-y-oportunidades-educativas-alejandro-moreno-cardenas-20931","status":"publish","type":"post","link":"https:\/\/dralvarez.com.mx\/larevista\/compeche\/en-2018-mas-apoyos-y-oportunidades-educativas-alejandro-moreno-cardenas-20931","title":{"rendered":"En 2018, m\u00e1s apoyos y oportunidades Educativas: Alejandro Moreno C\u00e1rdenas"},"content":{"rendered":"<p><b><i><\/i><\/b><\/p>\n<blockquote><p><b><i>\u201cCampeche ha sido una entidad que ha contado con el firme apoyo del presidente Pe\u00f1a Nieto y de los maestros, por lo que se ha constituido en ejemplo en la implementaci\u00f3n de la reforma y del nuevo modelo educativas\u201d.<\/i><\/b><\/p><\/blockquote>\n<\/p>\n<p>El gobernador Alejandro Moreno C\u00e1rdenas<br \/>\napunt\u00f3 que 2018 ser\u00e1 un a\u00f1o de profunda consolidaci\u00f3n de los proyectos y<br \/>\nprogramas educativos que favorecer\u00e1n la equidad, la ense\u00f1anza de calidad, un<br \/>\nmayor acceso a herramientas tecnol\u00f3gicas y la conectividad, permitiendo a los<br \/>\nni\u00f1os y j\u00f3venes campechanos una mejor preparaci\u00f3n y m\u00e1s oportunidades de \u00e9xito.\n<\/p>\n<p>El titular del Ejecutivo estatal sostuvo<br \/>\nque las acciones realizadas en los dos primeros a\u00f1os de su gesti\u00f3n han sido<br \/>\nfundamentales para el desarrollo del sector educativo campechano, y en todas<br \/>\nellas se ha contado con el decidido respaldo del presidente Enrique Pe\u00f1a Nieto.<\/p>\n<p>Indic\u00f3 que con la reforma educativa no<br \/>\n\u00fanicamente se cambi\u00f3 la visi\u00f3n de la ense\u00f1anza en el pa\u00eds, sino permiti\u00f3 el<br \/>\nimpulso de programas de infraestructura y equipamiento que contribuyen a<br \/>\npreparar y capacitar de mejor forma a los educandos.<\/p>\n<p>\u201cCampeche ha sido una entidad que ha<br \/>\ncontado con el firme apoyo del presidente Pe\u00f1a Nieto y de los maestros, por lo<br \/>\nque se ha constituido en ejemplo en la implementaci\u00f3n de la reforma y del nuevo<br \/>\nmodelo educativo\u201d, expres\u00f3 Moreno C\u00e1rdenas tras recordar que en la entidad, al<br \/>\nfinalizar 2017, el 72 por ciento de la infraestructura escolar habr\u00e1 sido<br \/>\nobjeto de alguna obra de modernizaci\u00f3n o rehabilitaci\u00f3n.<\/p>\n<p>Agreg\u00f3 que adem\u00e1s se ha incrementado el<br \/>\nn\u00famero de ni\u00f1os y j\u00f3venes beneficiados con becas acad\u00e9micas; se puso en marcha<br \/>\nel programa estatal de Transporte Escolar Gratuito, beneficiando en una primera<br \/>\netapa a m\u00e1s de dos mil alumnos, y se han entregado m\u00e1s de 20 mil computadoras,<br \/>\nla mayor cifra de los \u00faltimos 15 a\u00f1os, a trav\u00e9s del fortalecimiento de los<br \/>\nprogramas estatales y la implementaci\u00f3n de nuevas estrategias como la de Google<br \/>\nfor Education. <\/p>\n<p>Igualmente, se\u00f1al\u00f3 que recientemente con<br \/>\nel Instituto Mexicano de la Juventud, se acord\u00f3 emitir una convocatoria para<br \/>\nentregar unas tres mil 500 becas para que los j\u00f3venes campechanos cursen<br \/>\nestudios de postgrado en l\u00ednea en 15 universidades espa\u00f1olas.<\/p>\n<p>Finalmente, asegur\u00f3 que con esas<br \/>\nfortalezas en el rengl\u00f3n educativo, el pr\u00f3ximo a\u00f1o representa un tiempo de<br \/>\nmayores retos y la oportunidad de ratificar el compromiso de apoyar a las<br \/>\nfamilias campechanas y estimular a los estudiantes a esforzarse en su formaci\u00f3n<br \/>\ncon m\u00e1s equipos, becas y mayor conectividad digital.<\/p>\n<p><b>Mejor<br \/>\neducaci\u00f3n para los campechanos<\/b><\/p>\n<p>Por otra parte, el secretario de<br \/>\nEducaci\u00f3n, Ricardo Medina Farf\u00e1n, al realizar supervisi\u00f3n de obras en materia<br \/>\nde infraestructura educativa, y entregar insumos as\u00ed como aires acondicionados<br \/>\nen el municipio del Carmen, enfatiz\u00f3 que \u201cLograr que la educaci\u00f3n en Campeche<br \/>\nsea la mejor y se convierta en un referente nacional, es uno de los prop\u00f3sitos<br \/>\nen los que estamos trabajando, lo hacemos d\u00eda con d\u00eda con un trabajo<br \/>\ncoordinado, porque en la Secretar\u00eda de Educaci\u00f3n tenemos claro que solo con<br \/>\nestas acciones y una pol\u00edtica adecuada nuestro Estado va a crecer\u201d, <\/p>\n<p>En gira por la capital de este<br \/>\nmunicipio, el titular de la Secretar\u00eda de Educaci\u00f3n de Campeche (SEDUC) precis\u00f3<br \/>\nque para el gobierno de Alejandro Moreno C\u00e1rdenas este sector es fundamental,<br \/>\npor lo que se ha realizado una inversi\u00f3n inaudita de m\u00e1s de mil 100 millones de<br \/>\npesos para cambiarle el rostro a las escuelas de Campeche.<\/p>\n<p>Muestra de ello, dijo, es que un total<br \/>\nde 145 planteles de este municipio han sido atendidos con acciones de mejoramiento,<br \/>\nrehabilitaci\u00f3n, modernizaci\u00f3n lo que representa el 70 por ciento de todas las<br \/>\nescuelas localizadas en Carmen.<\/p>\n<p>\u201cQue nuestras ni\u00f1as, ni\u00f1os y j\u00f3venes<br \/>\nasistan a escuelas de primera, donde est\u00e9n contentos y tengan las mejores<br \/>\ncondiciones para aprender y que tengan la mejor educaci\u00f3n es una prioridad para<br \/>\neste gobierno, porque a trav\u00e9s de ella van a tener un mejor futuro\u201d, concluy\u00f3.<\/p>\n<p>Desde temprana hora, el titular de la<br \/>\nSEDUC visit\u00f3 la Escuela Secundaria T\u00e9cnica n\u00famero 40, donde hizo entrega de<br \/>\ngalones de pintura para mejorar las condiciones f\u00edsicas de la misma.<\/p>\n<p>Posteriormente se traslad\u00f3 a la Escuela<br \/>\nPrimaria \u201cNi\u00f1o Artillero\u201d, en la que encabez\u00f3 la entrega de equipos de aire<br \/>\nacondicionado, los cuales, dijo, fueron un compromiso adquirido por el mandatario<br \/>\nestatal con el plantel y de esta forma se cumpli\u00f3 de manera directa con la<br \/>\nsolicitud, y recalc\u00f3 que su funcionamiento servir\u00e1 para que los alumnos que<br \/>\nacuden a este colegio tomen sus clases en mejores condiciones.<\/p>\n<p>Finalmente, el titular de la SEDUC acudi\u00f3<br \/>\na las Primaria \u201cRam\u00f3n G. Bonfil\u201d, ah\u00ed supervis\u00f3 la rehabilitaci\u00f3n de dos aulas,<br \/>\nmismas que fueron ejecutadas trav\u00e9s del programa Escuelas al Cien; estas<br \/>\nacciones permitir\u00e1n a los alumnos contar en breve con espacios en los que se<br \/>\notorgar\u00e1 ense\u00f1anza en nuevas tecnolog\u00edas, as\u00ed como tambi\u00e9n espacios de lectura.<\/p><\/p>\n","protected":false},"excerpt":{"rendered":"<p>Gobierno de Campeche.<\/p>\n","protected":false},"author":1018,"featured_media":0,"comment_status":"open","ping_status":"open","sticky":false,"template":"","format":"standard","meta":{"tdm_status":"","tdm_grid_status":"","footnotes":""},"categories":[27],"tags":[],"_links":{"self":[{"href":"https:\/\/dralvarez.com.mx\/larevista\/wp-json\/wp\/v2\/posts\/61258"}],"collection":[{"href":"https:\/\/dralvarez.com.mx\/larevista\/wp-json\/wp\/v2\/posts"}],"about":[{"href":"https:\/\/dralvarez.com.mx\/larevista\/wp-json\/wp\/v2\/types\/post"}],"author":[{"embeddable":true,"href":"https:\/\/dralvarez.com.mx\/larevista\/wp-json\/wp\/v2\/users\/1018"}],"replies":[{"embeddable":true,"href":"https:\/\/dralvarez.com.mx\/larevista\/wp-json\/wp\/v2\/comments?post=61258"}],"version-history":[{"count":0,"href":"https:\/\/dralvarez.com.mx\/larevista\/wp-json\/wp\/v2\/posts\/61258\/revisions"}],"wp:attachment":[{"href":"https:\/\/dralvarez.com.mx\/larevista\/wp-json\/wp\/v2\/media?parent=61258"}],"wp:term":[{"taxonomy":"category","embeddable":true,"href":"https:\/\/dralvarez.com.mx\/larevista\/wp-json\/wp\/v2\/categories?post=61258"},{"taxonomy":"post_tag","embeddable":true,"href":"https:\/\/dralvarez.com.mx\/larevista\/wp-json\/wp\/v2\/tags?post=61258"}],"curies":[{"name":"wp","href":"https:\/\/api.w.org\/{rel}","templated":true}]}}