{"id":61256,"date":"2018-01-02T00:00:00","date_gmt":"2018-01-02T06:00:00","guid":{"rendered":"https:\/\/dralvarez.com.mx\/larevista\/blog\/campeche-al-dia-en-la-recuperacion-de-vialidades-y-bacheo-de-calles-20929"},"modified":"2018-01-02T00:00:00","modified_gmt":"2018-01-02T06:00:00","slug":"campeche-al-dia-en-la-recuperacion-de-vialidades-y-bacheo-de-calles-20929","status":"publish","type":"post","link":"https:\/\/dralvarez.com.mx\/larevista\/compeche\/campeche-al-dia-en-la-recuperacion-de-vialidades-y-bacheo-de-calles-20929","title":{"rendered":"Campeche, al d\u00eda en la recuperaci\u00f3n de vialidades y bacheo de calles"},"content":{"rendered":"<p><b><i><\/i><\/b><\/p>\n<blockquote><p><b><i>La calle Septimio P\u00e9rez Palacios fue atendida por la Unidad de Obras P\u00fablicas del Ayuntamiento de Campeche.<\/i><\/b><\/p><\/blockquote>\n<\/p>\n<p>El Ayuntamiento de Campeche, que preside<br \/>\nsu alcalde Edgar Hern\u00e1ndez Hern\u00e1ndez cierra a tambor batiente el 2017 con su programa<br \/>\nde bacheo atendiendo oportunamente las quejas sobre este tema.<\/p>\n<p>La Unidad de Obras P\u00fablicas del Ayuntamiento<br \/>\nde Campeche es la encargada de atender las llamadas de los campechanos, que son<br \/>\nlos principales \u201cinspectores\u201d para que la ciudad luzca libre de baches.<\/p>\n<p>Un ejemplo de lo anterior es el informe<br \/>\npresentado por la dependencia municipal en cuesti\u00f3n que sigue avanzando en la<br \/>\nrecuperaci\u00f3n de vialidades, y que en esta ocasi\u00f3n correspondi\u00f3 al<br \/>\nFraccionamiento Villa Dalias recibir en sus calles las labores de conservaci\u00f3n<br \/>\ny mantenimiento. <\/p>\n<p>De esta forma, el Ayuntamiento que<br \/>\nencabeza Edgar Hern\u00e1ndez da cumplimiento oportuno a uno de sus compromisos por<br \/>\nmantener en buenas condiciones las vialidades de esta capital.<\/p>\n<p>Por otra parte, se dio a conocer que San<br \/>\nFrancisco de Campeche recibir\u00e1 en breve la R\u00e9plica de la Capilla Sixtina (que<br \/>\na\u00fan se encuentra en M\u00e9rida), la Plaza de la Rep\u00fablica o la D\u00e1rsena de San<br \/>\nFrancisco est\u00e1n siendo analizadas para su instalaci\u00f3n.<\/p>\n<p>La reproducci\u00f3n de la Santa Sede estar\u00eda<br \/>\nde uno a dos meses en esta capital a fin de que sea visitada por todos los<br \/>\ncampechanos; esta r\u00e9plica de uno de los edificios m\u00e1s representativos del<br \/>\nVaticano ha recibido de 5 a 8 mil visitantes diariamente en las ciudades en que<br \/>\nse ha instalado.<\/p><\/p>\n","protected":false},"excerpt":{"rendered":"<p>Ayuntamiento de Campeche.<\/p>\n","protected":false},"author":1018,"featured_media":0,"comment_status":"open","ping_status":"open","sticky":false,"template":"","format":"standard","meta":{"tdm_status":"","tdm_grid_status":"","footnotes":""},"categories":[27],"tags":[],"_links":{"self":[{"href":"https:\/\/dralvarez.com.mx\/larevista\/wp-json\/wp\/v2\/posts\/61256"}],"collection":[{"href":"https:\/\/dralvarez.com.mx\/larevista\/wp-json\/wp\/v2\/posts"}],"about":[{"href":"https:\/\/dralvarez.com.mx\/larevista\/wp-json\/wp\/v2\/types\/post"}],"author":[{"embeddable":true,"href":"https:\/\/dralvarez.com.mx\/larevista\/wp-json\/wp\/v2\/users\/1018"}],"replies":[{"embeddable":true,"href":"https:\/\/dralvarez.com.mx\/larevista\/wp-json\/wp\/v2\/comments?post=61256"}],"version-history":[{"count":0,"href":"https:\/\/dralvarez.com.mx\/larevista\/wp-json\/wp\/v2\/posts\/61256\/revisions"}],"wp:attachment":[{"href":"https:\/\/dralvarez.com.mx\/larevista\/wp-json\/wp\/v2\/media?parent=61256"}],"wp:term":[{"taxonomy":"category","embeddable":true,"href":"https:\/\/dralvarez.com.mx\/larevista\/wp-json\/wp\/v2\/categories?post=61256"},{"taxonomy":"post_tag","embeddable":true,"href":"https:\/\/dralvarez.com.mx\/larevista\/wp-json\/wp\/v2\/tags?post=61256"}],"curies":[{"name":"wp","href":"https:\/\/api.w.org\/{rel}","templated":true}]}}