{"id":61213,"date":"2017-12-22T00:00:00","date_gmt":"2017-12-22T06:00:00","guid":{"rendered":"https:\/\/dralvarez.com.mx\/larevista\/blog\/alcalde-ehh-inaugura-la-feria-de-la-pinata-2017-20885"},"modified":"2017-12-22T00:00:00","modified_gmt":"2017-12-22T06:00:00","slug":"alcalde-ehh-inaugura-la-feria-de-la-pinata-2017-20885","status":"publish","type":"post","link":"https:\/\/dralvarez.com.mx\/larevista\/compeche\/alcalde-ehh-inaugura-la-feria-de-la-pinata-2017-20885","title":{"rendered":"Alcalde EHH inaugura la Feria de la Pi\u00f1ata 2017"},"content":{"rendered":"<p><\/p>\n<p>Ayuntamiento de Campeche <\/p>\n<p>Al inaugurar la tradicional Feria de la Pi\u00f1ata 2017, que este a\u00f1o ajusta su edici\u00f3n n\u00famero 22, el alcalde de Campeche, Edgar Hern\u00e1ndez Hern\u00e1ndez refrend\u00f3 el compromiso de su gesti\u00f3n de apoyar a los emprendedores y ofrecerles espacios para que pueden expender y ofertar en buenas condiciones sus productos.<br \/>Acompa\u00f1ado de su esposa, la presidenta del Patronato del Sistema DIF Municipal, Enna Guadalupe Ortiz de Hern\u00e1ndez, y del titular de la Unidad Administrativa de Desarrollo Econ\u00f3mico, Turismo y Competitividad, Roberto Cuevas Noriega, el Presidente Municipal de Campeche cort\u00f3 el list\u00f3n para inaugurar oficialmente la exposici\u00f3n y venta de pi\u00f1atas elaboradas por artesanos campechanos.<br \/>Hern\u00e1ndez Hern\u00e1ndez destac\u00f3 la organizaci\u00f3n de los grupos productores que a\u00f1o con a\u00f1o trabajan estrechamente con el Ayuntamiento de Campeche, que les ofrece el espacio y las condiciones para expender sus productos, y recalc\u00f3 que los productos que ah\u00ed se ofrecen a los campechanos, son de alta calidad.<br \/>Por su parte, Roberto Cuevas Noriega, titular de Desarrollo Econ\u00f3mico, Turismo y Competitividad, indic\u00f3 que con el fin de promover y conservar las tradiciones de las festividades decembrinas, se realiza la Feria de la Pi\u00f1ata 2017, con la participaci\u00f3n de 57 emprendedoras que venden sus productos a los asistentes.<br \/>Se\u00f1al\u00f3 que el objetivo de la feria es generar un espacio que permita la competitividad entre las participantes, a trav\u00e9s de la comercializaci\u00f3n y negociaci\u00f3n, procurando la cultura emprendedora y generaci\u00f3n de empleo que contribuyan al desarrollo local.<br \/>La Feria de la Pi\u00f1ata se instal\u00f3 desde el pasado 6 de diciembre y permanecer\u00e1 en la Alameda \u201cFrancisco de Paula Toro\u201d hasta el d\u00eda 6 de enero.<\/p>\n","protected":false},"excerpt":{"rendered":"<p>Ayuntamiento de Campeche<\/p>\n","protected":false},"author":1018,"featured_media":0,"comment_status":"open","ping_status":"open","sticky":false,"template":"","format":"standard","meta":{"tdm_status":"","tdm_grid_status":"","footnotes":""},"categories":[27],"tags":[],"_links":{"self":[{"href":"https:\/\/dralvarez.com.mx\/larevista\/wp-json\/wp\/v2\/posts\/61213"}],"collection":[{"href":"https:\/\/dralvarez.com.mx\/larevista\/wp-json\/wp\/v2\/posts"}],"about":[{"href":"https:\/\/dralvarez.com.mx\/larevista\/wp-json\/wp\/v2\/types\/post"}],"author":[{"embeddable":true,"href":"https:\/\/dralvarez.com.mx\/larevista\/wp-json\/wp\/v2\/users\/1018"}],"replies":[{"embeddable":true,"href":"https:\/\/dralvarez.com.mx\/larevista\/wp-json\/wp\/v2\/comments?post=61213"}],"version-history":[{"count":0,"href":"https:\/\/dralvarez.com.mx\/larevista\/wp-json\/wp\/v2\/posts\/61213\/revisions"}],"wp:attachment":[{"href":"https:\/\/dralvarez.com.mx\/larevista\/wp-json\/wp\/v2\/media?parent=61213"}],"wp:term":[{"taxonomy":"category","embeddable":true,"href":"https:\/\/dralvarez.com.mx\/larevista\/wp-json\/wp\/v2\/categories?post=61213"},{"taxonomy":"post_tag","embeddable":true,"href":"https:\/\/dralvarez.com.mx\/larevista\/wp-json\/wp\/v2\/tags?post=61213"}],"curies":[{"name":"wp","href":"https:\/\/api.w.org\/{rel}","templated":true}]}}