{"id":61212,"date":"2017-12-22T00:00:00","date_gmt":"2017-12-22T06:00:00","guid":{"rendered":"https:\/\/dralvarez.com.mx\/larevista\/blog\/cautivan-ninos-cantores-de-viena-en-magno-concierto-de-navidad-20884"},"modified":"2017-12-22T00:00:00","modified_gmt":"2017-12-22T06:00:00","slug":"cautivan-ninos-cantores-de-viena-en-magno-concierto-de-navidad-20884","status":"publish","type":"post","link":"https:\/\/dralvarez.com.mx\/larevista\/compeche\/cautivan-ninos-cantores-de-viena-en-magno-concierto-de-navidad-20884","title":{"rendered":"Cautivan ni\u00f1os cantores de Viena, en magno concierto de Navidad"},"content":{"rendered":"<p><i>El gobernador Alejandro Moreno C\u00e1rdenas entreg\u00f3 un reconocimiento a los infantes por su destacada trayectoria musical y participaci\u00f3n en este importante evento cultural que reuni\u00f3 a miles de campechanos y turistas nacionales y extranjeros.<\/i><\/p>\n<p>Ante unos 10 mil asistentes, los Ni\u00f1os Cantores de Viena se presentaron con rotundo \u00e9xito en el Magno Concierto de Navidad, que este a\u00f1o celebr\u00f3 su vig\u00e9sima edici\u00f3n.<br \/>Desde el Atrio de la Iglesia Catedral de esta ciudad, el coro de 30 sopranos y mezzosopranos de diferentes nacionalidades, deleit\u00f3 con magn\u00edficas interpretaciones de piezas musicales cl\u00e1sicas y temas navide\u00f1os, a los miles de espectadores, entre los que se encontraban el gobernador Alejandro Moreno C\u00e1rdenas y su esposa, Christelle Casta\u00f1\u00f3n de Moreno.<br \/>En el evento, que anualmente se lleva a cabo en el marco del Festival Internacional del Centro Hist\u00f3rico (FICH), el grupo de cantores, considerado el m\u00e1s famoso del mundo, interpret\u00f3 en una primera parte \u201cAleluya\u201d y \u201cEl Tamborilero\u201d, piezas para coro y piano de Austria y Europa. <br \/>En la segunda, canciones de Mozart, como \u201cGloria\u201d y \u201dAve verum corpus\u201d; y \u201cFor unto us a child is born\u201d y \u201cHallelujah\u201d, de G.F. Handel, as\u00ed como los temas navide\u00f1os \u201cO Holy night\u201d y \u201cSilent night\u201d, de Adolphe Adam, donde estuvieron acompa\u00f1ados por la Orquesta Sinf\u00f3nica de Campeche (Oscam) que dirige Eligio Fuentes Rosado.<br \/>Los Ni\u00f1os Cantores de Viena fueron ovacionados tras interpretar \u201cFeliz Navidad\u201d y el cl\u00e1sico mexicano \u201cCielito Lindo\u201d, en espa\u00f1ol. El Magno Concierto cerr\u00f3 con broche de oro con un gran espect\u00e1culo de juegos pirot\u00e9cnicos.<br \/>Durante el concierto, que tuvo una duraci\u00f3n de hora y media, el mandatario estatal entreg\u00f3 un reconocimiento a los infantes por su destacada trayectoria musical y participaci\u00f3n en este importante evento cultural que reuni\u00f3, una vez m\u00e1s, a miles de campechanos y turistas nacionales y extranjeros. <br \/>El coro infantil que tiene su sede en la capital austriaca, es uno de los grupos m\u00e1s conocidos del mundo. Fue creado el 7 de julio de 1498 por orden del emperador Maximiliano I y ha trabajado con obras de m\u00fasicos como Wolfgang Amadeus Mozart, Antonio Caldara, Antonio Salieri, Heinrich Isaac, Johann Joseph Fux, Richard Wagner, Anton Bruckner y Gustav Mahler. <br \/>El Magno Concierto de Navidad fue creado en 1998 y desde entonces ha sido uno de los ejes principales del FICH, el cual ha reunido a grandes figuras de la m\u00fasica cl\u00e1sica entre los que destacan: Fernando de la Mora, Jos\u00e9 Luis Duval, Ram\u00f3n Vargas, Il Divo, Andrea Bocelli, Il Volo, las cantantes Susana Zavaleta y Eugenia Le\u00f3n; as\u00ed como grandes orquestas entre las que se encuentran, la Sinf\u00f3nica de Carlos Ch\u00e1vez, el Coro de Bellas Artes y el Mariachi Gamma Mil.<br \/>Acompa\u00f1aron al Mandatario, su hijo Alejandro; el jefe de la Oficina del Gobernador, Claudio Cetina G\u00f3mez, el alcalde de Campeche, Edgar Hern\u00e1ndez Hern\u00e1ndez, y el secretario de Cultura, Delio Carrillo P\u00e9rez.<\/p>\n<p>Se re\u00fane SECTUR con empresarios del ramo<\/p>\n<p>Por otra parte, el titular de la Secretar\u00eda de Turismo del Gobierno del Estado (SECTUR), Jorge Manos Esparragoza, se reuni\u00f3 con empresarios del sector hotelero, restaurantero y tour operadoras, con la finalidad de informar las estrategias de promoci\u00f3n del primer cuatrimestre del 2018, y as\u00ed redoblar esfuerzos y crear sinergias.<br \/>En su intervenci\u00f3n, Manos Esparragoza se\u00f1al\u00f3 que en el 2018 la SECTUR buscar\u00e1 implementar nuevas estrategias de promoci\u00f3n para el Estado, trabajando de la mano con los empresarios del sector tur\u00edstico, con el fin de lograr mejores resultados que beneficien a los campechanos.<br \/>\u201cLa promoci\u00f3n es de suma prioridad para la Secretar\u00eda, por ello reforzaremos el trabajo en caravanas al interior del pa\u00eds, implementando el programa de SECTUR Federal \u201cViajemos Todos por M\u00e9xico\u201d; as\u00ed como la participaci\u00f3n el Tianguis Tur\u00edstico de M\u00e9xico, que se realizar\u00e1 en Mazatl\u00e1n, Sinaloa; de igual manera, continuaremos participando en las ferias internacionales, principalmente en pa\u00edses como Estados Unidos y Canad\u00e1\u201d, dijo.<br \/>Asimismo, el funcionario estatal hizo entrega a los empresarios de la nueva folleter\u00eda del \u201cMapa Tur\u00edstico\u201d, la cual ser\u00e1 gratuita, lo anterior para apoyar a los viajeros en una mejor atenci\u00f3n e informaci\u00f3n en su estad\u00eda por el Estado.<br \/>Por otra parte, en materia de congresos y convenciones, destac\u00f3 que \u201cse intenta buscar superar los eventos del a\u00f1o pasado, presentando a Campeche como destino de reuniones.<br \/>\u201cCon estas acciones lograremos fortalecer a Campeche en tur\u00edstica y aumentar la derrama econ\u00f3mica para el beneficio de los campechanos\u201d, finaliz\u00f3 el titular de la SECTUR.<\/p>\n","protected":false},"excerpt":{"rendered":"<p>GOBIERNO DE CAMPECHE<\/p>\n","protected":false},"author":1018,"featured_media":0,"comment_status":"open","ping_status":"open","sticky":false,"template":"","format":"standard","meta":{"tdm_status":"","tdm_grid_status":"","footnotes":""},"categories":[27],"tags":[],"_links":{"self":[{"href":"https:\/\/dralvarez.com.mx\/larevista\/wp-json\/wp\/v2\/posts\/61212"}],"collection":[{"href":"https:\/\/dralvarez.com.mx\/larevista\/wp-json\/wp\/v2\/posts"}],"about":[{"href":"https:\/\/dralvarez.com.mx\/larevista\/wp-json\/wp\/v2\/types\/post"}],"author":[{"embeddable":true,"href":"https:\/\/dralvarez.com.mx\/larevista\/wp-json\/wp\/v2\/users\/1018"}],"replies":[{"embeddable":true,"href":"https:\/\/dralvarez.com.mx\/larevista\/wp-json\/wp\/v2\/comments?post=61212"}],"version-history":[{"count":0,"href":"https:\/\/dralvarez.com.mx\/larevista\/wp-json\/wp\/v2\/posts\/61212\/revisions"}],"wp:attachment":[{"href":"https:\/\/dralvarez.com.mx\/larevista\/wp-json\/wp\/v2\/media?parent=61212"}],"wp:term":[{"taxonomy":"category","embeddable":true,"href":"https:\/\/dralvarez.com.mx\/larevista\/wp-json\/wp\/v2\/categories?post=61212"},{"taxonomy":"post_tag","embeddable":true,"href":"https:\/\/dralvarez.com.mx\/larevista\/wp-json\/wp\/v2\/tags?post=61212"}],"curies":[{"name":"wp","href":"https:\/\/api.w.org\/{rel}","templated":true}]}}