{"id":61157,"date":"2017-12-21T00:00:00","date_gmt":"2017-12-21T06:00:00","guid":{"rendered":"https:\/\/dralvarez.com.mx\/larevista\/blog\/mejor-educacion-para-los-campechanos-meta-primordial-para-la-seduc-medina-farfan-20827"},"modified":"2017-12-21T00:00:00","modified_gmt":"2017-12-21T06:00:00","slug":"mejor-educacion-para-los-campechanos-meta-primordial-para-la-seduc-medina-farfan-20827","status":"publish","type":"post","link":"https:\/\/dralvarez.com.mx\/larevista\/compeche\/mejor-educacion-para-los-campechanos-meta-primordial-para-la-seduc-medina-farfan-20827","title":{"rendered":"Mejor educaci\u00f3n para los campechanos, meta primordial para la SEDUC: Medina Farf\u00e1n"},"content":{"rendered":"<p>\u201cLograr que la educaci\u00f3n en Campeche sea la mejor y se convierta en un referente nacional, es uno de los prop\u00f3sitos en los que estamos trabajando, lo hacemos d\u00eda con d\u00eda con un trabajo coordinado, porque en la Secretar\u00eda de Educaci\u00f3n tenemos claro que solo con estas acciones y una pol\u00edtica adecuada nuestro Estado va a crecer\u201d, se\u00f1al\u00f3 el secretario de Educaci\u00f3n, Ricardo Medina Farf\u00e1n, al realizar supervisi\u00f3n de obras en materia de infraestructura educativa, y entregar insumos as\u00ed como aires acondicionados en el municipio del Carmen.<\/p>\n<p>En gira por la capital de este municipio, el titular de la Secretar\u00eda de Educaci\u00f3n de Campeche (SEDUC) precis\u00f3 que para el gobierno de Alejandro Moreno C\u00e1rdenas este sector es fundamental, por lo que se ha realizado una inversi\u00f3n inaudita de m\u00e1s de mil 100 millones de pesos para cambiarle el rostro a las escuelas de Campeche.<\/p>\n<p>Muestra de ello, dijo, es que un total de 145 planteles de este municipio han sido atendidos con acciones de mejoramiento, rehabilitaci\u00f3n, modernizaci\u00f3n lo que representa el 70 por ciento de todas las escuelas localizadas en Carmen.<\/p>\n<p>\u201cQue nuestras ni\u00f1as, ni\u00f1os y j\u00f3venes asistan a escuelas de primera, donde est\u00e9n contentos y tengan las mejores condiciones para aprender y que tengan la mejor educaci\u00f3n es una prioridad para este gobierno, porque a trav\u00e9s de ella van a tener un mejor futuro\u201d, concluy\u00f3.<\/p>\n<p>Desde temprana hora, el titular de la SEDUC visit\u00f3 la Escuela Secundaria T\u00e9cnica n\u00famero 40, donde hizo entrega de galones de pintura para mejorar las condiciones f\u00edsicas de la misma.<\/p>\n<p>Posteriormente se traslad\u00f3 a la Escuela Primaria \u201cNi\u00f1o Artillero\u201d, en la que encabez\u00f3 la entrega de equipos de aire acondicionado, los cuales, dijo, fueron un compromiso adquirido por el mandatario estatal con el plantel y de esta forma se cumpli\u00f3 de manera directa con la solicitud, y recalc\u00f3 que su funcionamiento servir\u00e1 para que los alumnos que acuden a este colegio tomen sus clases en mejores condiciones.<\/p>\n<p>Finalmente, el titular de la SEDUC acudi\u00f3 a las Primaria \u201cRam\u00f3n G. Bonfil\u201d, ah\u00ed supervis\u00f3 la rehabilitaci\u00f3n de dos aulas, mismas que fueron ejecutadas trav\u00e9s del programa Escuelas al Cien; estas acciones permitir\u00e1n a los alumnos contar en breve con espacios en los que se otorgar\u00e1 ense\u00f1anza en nuevas tecnolog\u00edas, as\u00ed como tambi\u00e9n espacios de lectura.<\/p>\n<p>Estuvieron presentes tambi\u00e9n en esta gira, el subsecretario de Educaci\u00f3n B\u00e1sica, Ricardo Koh Cambranis; el titular del Instituto de Infraestructura F\u00edsica Educativa del Estado de Campeche (INIFEEC), H\u00e9ctor Manuel P\u00e9rez Rodr\u00edguez; y la rectora de la Universidad Tecnol\u00f3gica de Campeche (UTCAM), Hilda Vel\u00e1zquez Rodr\u00edguez.<\/p>\n","protected":false},"excerpt":{"rendered":"<p>*Supervis\u00f3 acciones de infraestructura y entreg\u00f3 equipamiento en planteles de Carmen<\/p>\n","protected":false},"author":1018,"featured_media":0,"comment_status":"open","ping_status":"open","sticky":false,"template":"","format":"standard","meta":{"tdm_status":"","tdm_grid_status":"","footnotes":""},"categories":[27],"tags":[],"_links":{"self":[{"href":"https:\/\/dralvarez.com.mx\/larevista\/wp-json\/wp\/v2\/posts\/61157"}],"collection":[{"href":"https:\/\/dralvarez.com.mx\/larevista\/wp-json\/wp\/v2\/posts"}],"about":[{"href":"https:\/\/dralvarez.com.mx\/larevista\/wp-json\/wp\/v2\/types\/post"}],"author":[{"embeddable":true,"href":"https:\/\/dralvarez.com.mx\/larevista\/wp-json\/wp\/v2\/users\/1018"}],"replies":[{"embeddable":true,"href":"https:\/\/dralvarez.com.mx\/larevista\/wp-json\/wp\/v2\/comments?post=61157"}],"version-history":[{"count":0,"href":"https:\/\/dralvarez.com.mx\/larevista\/wp-json\/wp\/v2\/posts\/61157\/revisions"}],"wp:attachment":[{"href":"https:\/\/dralvarez.com.mx\/larevista\/wp-json\/wp\/v2\/media?parent=61157"}],"wp:term":[{"taxonomy":"category","embeddable":true,"href":"https:\/\/dralvarez.com.mx\/larevista\/wp-json\/wp\/v2\/categories?post=61157"},{"taxonomy":"post_tag","embeddable":true,"href":"https:\/\/dralvarez.com.mx\/larevista\/wp-json\/wp\/v2\/tags?post=61157"}],"curies":[{"name":"wp","href":"https:\/\/api.w.org\/{rel}","templated":true}]}}