{"id":61151,"date":"2017-12-21T00:00:00","date_gmt":"2017-12-21T06:00:00","guid":{"rendered":"https:\/\/dralvarez.com.mx\/larevista\/blog\/dif-estatal-lleva-programa-de-sensibilizacion-la-inclusion-somos-todos-a-la-sedesyh-20821"},"modified":"2017-12-21T00:00:00","modified_gmt":"2017-12-21T06:00:00","slug":"dif-estatal-lleva-programa-de-sensibilizacion-la-inclusion-somos-todos-a-la-sedesyh-20821","status":"publish","type":"post","link":"https:\/\/dralvarez.com.mx\/larevista\/compeche\/dif-estatal-lleva-programa-de-sensibilizacion-la-inclusion-somos-todos-a-la-sedesyh-20821","title":{"rendered":"DIF Estatal lleva programa de sensibilizaci\u00f3n \u201cLa inclusi\u00f3n somos todos\u201d a la SEDESYH"},"content":{"rendered":"<p>Con el objetivo de promover la concientizaci\u00f3n sobre el tema de la discapacidad, el Sistema Estatal para el Desarrollo Integral de la Familia (DIF) llev\u00f3 el programa de sensibilizaci\u00f3n \u201cLa Inclusi\u00f3n Somos Todos\u201d a la Secretar\u00eda de Desarrollo Social y Humano (SEDESYH), participando el personal de la dependencia encabezada por Jorge Chanona Echeverr\u00eda.<\/p>\n<p>El curso est\u00e1 dirigido a servidores p\u00fablicos de las instituciones que conforman el Consejo Estatal de Discapacidad (COEDIS), quienes guiados por personal de la coordinaci\u00f3n de discapacidad del DIF Estatal y del \u00e1rea de sensibilizaci\u00f3n del Centro de Rehabilitaci\u00f3n de Educaci\u00f3n Especial (CREE), realizan la pr\u00e1ctica de sensibilizaci\u00f3n y concientizaci\u00f3n con el uso de silla de ruedas, bast\u00f3n y andaderas.<\/p>\n","protected":false},"excerpt":{"rendered":"<p>Con el objetivo de promover la concientizaci\u00f3n sobre el tema de la discapacidad.<\/p>\n","protected":false},"author":1018,"featured_media":0,"comment_status":"open","ping_status":"open","sticky":false,"template":"","format":"standard","meta":{"tdm_status":"","tdm_grid_status":"","footnotes":""},"categories":[27],"tags":[],"_links":{"self":[{"href":"https:\/\/dralvarez.com.mx\/larevista\/wp-json\/wp\/v2\/posts\/61151"}],"collection":[{"href":"https:\/\/dralvarez.com.mx\/larevista\/wp-json\/wp\/v2\/posts"}],"about":[{"href":"https:\/\/dralvarez.com.mx\/larevista\/wp-json\/wp\/v2\/types\/post"}],"author":[{"embeddable":true,"href":"https:\/\/dralvarez.com.mx\/larevista\/wp-json\/wp\/v2\/users\/1018"}],"replies":[{"embeddable":true,"href":"https:\/\/dralvarez.com.mx\/larevista\/wp-json\/wp\/v2\/comments?post=61151"}],"version-history":[{"count":0,"href":"https:\/\/dralvarez.com.mx\/larevista\/wp-json\/wp\/v2\/posts\/61151\/revisions"}],"wp:attachment":[{"href":"https:\/\/dralvarez.com.mx\/larevista\/wp-json\/wp\/v2\/media?parent=61151"}],"wp:term":[{"taxonomy":"category","embeddable":true,"href":"https:\/\/dralvarez.com.mx\/larevista\/wp-json\/wp\/v2\/categories?post=61151"},{"taxonomy":"post_tag","embeddable":true,"href":"https:\/\/dralvarez.com.mx\/larevista\/wp-json\/wp\/v2\/tags?post=61151"}],"curies":[{"name":"wp","href":"https:\/\/api.w.org\/{rel}","templated":true}]}}