{"id":61137,"date":"2017-12-20T00:00:00","date_gmt":"2017-12-20T06:00:00","guid":{"rendered":"https:\/\/dralvarez.com.mx\/larevista\/blog\/segundo-periodo-vacacional-de-servidores-del-gobierno-del-estado-20807"},"modified":"2017-12-20T00:00:00","modified_gmt":"2017-12-20T06:00:00","slug":"segundo-periodo-vacacional-de-servidores-del-gobierno-del-estado-20807","status":"publish","type":"post","link":"https:\/\/dralvarez.com.mx\/larevista\/compeche\/segundo-periodo-vacacional-de-servidores-del-gobierno-del-estado-20807","title":{"rendered":"Segundo per\u00edodo vacacional de Servidores del Gobierno del Estado"},"content":{"rendered":"<p>El Gobierno del Estado de Campeche, a trav\u00e9s de la Secretar\u00eda de Administraci\u00f3n e Innovaci\u00f3n Gubernamental (SAIG), da a conocer que los servidores p\u00fablicos adscritos a las distintas dependencias de la administraci\u00f3n p\u00fablica estatal iniciar\u00e1n el periodo vacacional decembrino del presente a\u00f1o, el cual tienen por derecho de Ley, e iniciar\u00e1 el d\u00eda jueves 21 de diciembre de 2017 y concluir\u00e1 el viernes 5 de enero del 2018, reanud\u00e1ndose las labores el d\u00eda lunes 08 de enero de 2017.<\/p>\n<p>Cabe mencionar que este per\u00edodo vacacional podr\u00e1n disfrutarlo los servidores p\u00fablicos que a la fecha no hayan gozado de este derecho a excepci\u00f3n de las \u00e1reas que por su necesidad requieran seguir brindando servicio a la ciudadan\u00eda.<\/p>\n<p>As\u00ed, el Gobierno del Estado continuar\u00e1 laborando con personal de guardia en cada una de sus dependencias y en las \u00e1reas que por necesidades del servicio se requiera, como son las guardias en \u00e1reas administrativas, servicios m\u00e9dicos, seguridad p\u00fablica, protecci\u00f3n civil, as\u00ed como de servicio y mantenimiento y contribum\u00f3dulos, \u00e1reas de cajas y ventanillas de la Secretar\u00eda de Finanzas (SEFIN) de la ciudad de Campeche y las cajas recaudadoras de los municipios para atender de la manera m\u00e1s \u00f3ptima a la ciudadan\u00eda que lo requiera.<\/p>\n","protected":false},"excerpt":{"rendered":"<p>Iniciar\u00e1 el d\u00eda jueves 21 de diciembre de 2017 y concluir\u00e1 el viernes 5 de enero del 2018, reanud\u00e1ndose las labores el d\u00eda lunes 08 de enero de 2017.<\/p>\n","protected":false},"author":1018,"featured_media":0,"comment_status":"open","ping_status":"open","sticky":false,"template":"","format":"standard","meta":{"tdm_status":"","tdm_grid_status":"","footnotes":""},"categories":[27],"tags":[],"_links":{"self":[{"href":"https:\/\/dralvarez.com.mx\/larevista\/wp-json\/wp\/v2\/posts\/61137"}],"collection":[{"href":"https:\/\/dralvarez.com.mx\/larevista\/wp-json\/wp\/v2\/posts"}],"about":[{"href":"https:\/\/dralvarez.com.mx\/larevista\/wp-json\/wp\/v2\/types\/post"}],"author":[{"embeddable":true,"href":"https:\/\/dralvarez.com.mx\/larevista\/wp-json\/wp\/v2\/users\/1018"}],"replies":[{"embeddable":true,"href":"https:\/\/dralvarez.com.mx\/larevista\/wp-json\/wp\/v2\/comments?post=61137"}],"version-history":[{"count":0,"href":"https:\/\/dralvarez.com.mx\/larevista\/wp-json\/wp\/v2\/posts\/61137\/revisions"}],"wp:attachment":[{"href":"https:\/\/dralvarez.com.mx\/larevista\/wp-json\/wp\/v2\/media?parent=61137"}],"wp:term":[{"taxonomy":"category","embeddable":true,"href":"https:\/\/dralvarez.com.mx\/larevista\/wp-json\/wp\/v2\/categories?post=61137"},{"taxonomy":"post_tag","embeddable":true,"href":"https:\/\/dralvarez.com.mx\/larevista\/wp-json\/wp\/v2\/tags?post=61137"}],"curies":[{"name":"wp","href":"https:\/\/api.w.org\/{rel}","templated":true}]}}