{"id":61099,"date":"2017-12-18T00:00:00","date_gmt":"2017-12-18T06:00:00","guid":{"rendered":"https:\/\/dralvarez.com.mx\/larevista\/blog\/innovar-en-las-escuelas-contribuira-a-que-crezca-el-sector-educativo-en-campeche-medina-farfan-20768"},"modified":"2017-12-18T00:00:00","modified_gmt":"2017-12-18T06:00:00","slug":"innovar-en-las-escuelas-contribuira-a-que-crezca-el-sector-educativo-en-campeche-medina-farfan-20768","status":"publish","type":"post","link":"https:\/\/dralvarez.com.mx\/larevista\/compeche\/innovar-en-las-escuelas-contribuira-a-que-crezca-el-sector-educativo-en-campeche-medina-farfan-20768","title":{"rendered":"Innovar en las escuelas contribuir\u00e1 a que crezca el sector educativo en Campeche: Medina Farf\u00e1n"},"content":{"rendered":"<p>\u201cEn la actualidad muchas de las actividades que se realizan tienen un v\u00ednculo directo con la tecnolog\u00eda, este elemento a diario se  hace presente en nuestras vidas por lo que nuestra tarea es prepararlos a todos ustedes para sacarle el m\u00e1ximo provecho; por ello es importante innovar en las escuelas, equiparlas para coadyuvar a prepararlos mejor y de esta manera contribuir a que crezca el sector educativo en Campeche\u201d, afirm\u00f3 el secretario de Educaci\u00f3n, Ricardo Medina Farf\u00e1n, al realizar una intensa gira por la capital del Estado, en la que puso en marcha el programa de educaci\u00f3n digital en tres planteles y supervis\u00f3 el desarrollo del taller \u201cDesarrollo de habilidades en Ciencia, Tecnolog\u00eda y Matem\u00e1ticas (STEM). <\/p>\n<p>Desde muy temprano, el funcionario estatal presidi\u00f3 la \u00faltima ceremonia c\u00edvica correspondiente al 2017 de la escuela primaria \u201cPresidente L\u00f3pez Mateos\u201d, donde inaugur\u00f3 el aula de medios digitales, un espacio que fue dotado de equipos de c\u00f3mputo que permitir\u00e1 instruir a los menores en temas de innovaci\u00f3n y rob\u00f3tica.<\/p>\n<p>Posteriormente, se traslad\u00f3 al centro escolar \u201cAdolfo L\u00f3pez Mateos\u201d, ubicado tambi\u00e9n en el barrio de San Rom\u00e1n, y posteriormente a la escuela primaria \u201cM\u00e1rtires de la Revoluci\u00f3n\u201d, de la Unidad Habitacional Ciudad Concordia; en las que recalc\u00f3 estas acciones de equipamiento est\u00e1n enfocadas a que los alumnos aprendan y desarrollen habilidades para estar a la vanguardia en temas de tecnolog\u00eda.<\/p>\n<p>Adem\u00e1s, durante estos recorridos, a\u00f1adi\u00f3 que se busca ir dotando de equipamiento de forma paulatina a los planteles del Estado, para que el beneficio llegue a un mayor n\u00famero de estudiantes.<\/p>\n<p>\u201cEs importante que ustedes desde peque\u00f1os comiencen a utilizar y familiarizarse con las computadoras ya que en estos tiempos la tecnolog\u00eda est\u00e1 presente en nuestras vidas en cada momento, por eso tenemos que prepararlos, para que, si en el futuro quieren ser desarrolladores de software, ingenieros o estudiar alguna carrera enfocada a este rubro tengan bases desde su formaci\u00f3n b\u00e1sica\u201d, se\u00f1al\u00f3.<\/p>\n<p>De igual manera, el secretario de Educaci\u00f3n inform\u00f3 que tambi\u00e9n se capacitar\u00e1 a los docentes, y posteriormente se plantea llevar a cabo un concurso que contemplar\u00e1 varias etapas: primero interna en cada escuela, luego por equipos de diversos planteles, para que entre ellos puedan competir y ejecutar diversas acciones con los robots que programar\u00e1n en sus clases.  <\/p>\n<p>Por \u00faltimo, durante su recorrido por los centros educativos de la capital del Estado, Medina Farf\u00e1n presenci\u00f3 la sesi\u00f3n final del taller \u201cDesarrollo de habilidades en Ciencia, Tecnolog\u00eda y Matem\u00e1ticas (STEM) en la escuela primaria \u201cJos\u00e9 Vasconcelos\u201d, de la colonia Ampliaci\u00f3n Polvor\u00edn.<\/p>\n<p>Dicho programa se realiz\u00f3 a trav\u00e9s del Programa de Escuelas de Tiempo Completo (PETC) y benefici\u00f3 a 350 alumnos de diez colegios del Estado, y se ejecut\u00f3 con el objetivo de que los menores aprendan a armar robots en un concepto primario, as\u00ed como conocer conceptos de ensamble para despertar en ellos el gusto por las nuevas tecnolog\u00edas, las ingenier\u00edas y la abstracci\u00f3n temprana de conocimientos.<\/p>\n","protected":false},"excerpt":{"rendered":"<p>*Inauguran aula de medios en planteles de la ciudad capital.<\/p>\n","protected":false},"author":1018,"featured_media":0,"comment_status":"open","ping_status":"open","sticky":false,"template":"","format":"standard","meta":{"tdm_status":"","tdm_grid_status":"","footnotes":""},"categories":[27],"tags":[],"_links":{"self":[{"href":"https:\/\/dralvarez.com.mx\/larevista\/wp-json\/wp\/v2\/posts\/61099"}],"collection":[{"href":"https:\/\/dralvarez.com.mx\/larevista\/wp-json\/wp\/v2\/posts"}],"about":[{"href":"https:\/\/dralvarez.com.mx\/larevista\/wp-json\/wp\/v2\/types\/post"}],"author":[{"embeddable":true,"href":"https:\/\/dralvarez.com.mx\/larevista\/wp-json\/wp\/v2\/users\/1018"}],"replies":[{"embeddable":true,"href":"https:\/\/dralvarez.com.mx\/larevista\/wp-json\/wp\/v2\/comments?post=61099"}],"version-history":[{"count":0,"href":"https:\/\/dralvarez.com.mx\/larevista\/wp-json\/wp\/v2\/posts\/61099\/revisions"}],"wp:attachment":[{"href":"https:\/\/dralvarez.com.mx\/larevista\/wp-json\/wp\/v2\/media?parent=61099"}],"wp:term":[{"taxonomy":"category","embeddable":true,"href":"https:\/\/dralvarez.com.mx\/larevista\/wp-json\/wp\/v2\/categories?post=61099"},{"taxonomy":"post_tag","embeddable":true,"href":"https:\/\/dralvarez.com.mx\/larevista\/wp-json\/wp\/v2\/tags?post=61099"}],"curies":[{"name":"wp","href":"https:\/\/api.w.org\/{rel}","templated":true}]}}