{"id":61092,"date":"2017-12-18T00:00:00","date_gmt":"2017-12-18T06:00:00","guid":{"rendered":"https:\/\/dralvarez.com.mx\/larevista\/blog\/alcalde-ehh-inaugura-feria-de-la-pinata-2017-20761"},"modified":"2017-12-18T00:00:00","modified_gmt":"2017-12-18T06:00:00","slug":"alcalde-ehh-inaugura-feria-de-la-pinata-2017-20761","status":"publish","type":"post","link":"https:\/\/dralvarez.com.mx\/larevista\/compeche\/alcalde-ehh-inaugura-feria-de-la-pinata-2017-20761","title":{"rendered":"Alcalde EHH inaugura Feria de la Pi\u00f1ata 2017"},"content":{"rendered":"<\/p>\n<p>Al inaugurar la<br \/>\ntradicional Feria de la Pi\u00f1ata 2017, que este a\u00f1o ajusta su edici\u00f3n n\u00famero 22,<br \/>\nel alcalde de Campeche, Edgar Hern\u00e1ndez Hern\u00e1ndez refrend\u00f3 el compromiso de su<br \/>\ngesti\u00f3n de apoyar a los emprendedores y ofrecerles espacios para que pueden<br \/>\nexpender y ofertar en buenas condiciones sus productos.<\/p>\n<p>Acompa\u00f1ado de su<br \/>\nesposa, la presidenta del Patronato del Sistema DIF Municipal, Enna Guadalupe<br \/>\nOrtiz de Hern\u00e1ndez, y del titular de la Unidad Administrativa de Desarrollo<br \/>\nEcon\u00f3mico, Turismo y Competitividad, Roberto Cuevas Noriega, el Presidente<br \/>\nMunicipal de Campeche cort\u00f3 el list\u00f3n para inaugurar oficialmente la exposici\u00f3n<br \/>\ny venta de pi\u00f1atas elaboradas por artesanos campechanos.<\/p>\n<p>Hern\u00e1ndez Hern\u00e1ndez<br \/>\ndestac\u00f3 la organizaci\u00f3n de los grupos productores que a\u00f1o con a\u00f1o trabajan<br \/>\nestrechamente con el Ayuntamiento de Campeche, que les ofrece el espacio y las<br \/>\ncondiciones para expender sus productos, y recalc\u00f3 que los productos que ah\u00ed se<br \/>\nofrecen a los campechanos, son de alta calidad.<\/p>\n<p>Por su parte, Roberto<br \/>\nCuevas Noriega, titular de Desarrollo Econ\u00f3mico, Turismo y Competitividad,<br \/>\nindic\u00f3 que con el fin de promover y conservar las tradiciones de las<br \/>\nfestividades decembrinas, se realiza la Feria de la Pi\u00f1ata 2017, con la<br \/>\nparticipaci\u00f3n de 57 emprendedoras que venden sus productos a los asistentes.<\/p>\n<p>Se\u00f1al\u00f3 que el objetivo<br \/>\nde la feria es generar un espacio que permita la competitividad entre las<br \/>\nparticipantes, a trav\u00e9s de la comercializaci\u00f3n y negociaci\u00f3n, procurando la<br \/>\ncultura emprendedora y generaci\u00f3n de empleo que contribuyan al desarrollo<br \/>\nlocal.<\/p>\n<p>La Feria de la Pi\u00f1ata<br \/>\nse instal\u00f3 desde el pasado 6 de diciembre y permanecer\u00e1 en la Alameda<br \/>\n\u201cFrancisco de Paula Toro\u201d hasta el d\u00eda 6 de enero.<\/p><\/p>\n","protected":false},"excerpt":{"rendered":"<p>Al inaugurar la tradicional Feria de la Pi\u00f1ata 2017, que este a\u00f1o ajusta su edici\u00f3n n\u00famero 22, el alcalde de Campeche, Edgar Hern\u00e1ndez Hern\u00e1ndez refre<\/p>\n","protected":false},"author":1018,"featured_media":0,"comment_status":"open","ping_status":"open","sticky":false,"template":"","format":"standard","meta":{"tdm_status":"","tdm_grid_status":"","footnotes":""},"categories":[27],"tags":[],"_links":{"self":[{"href":"https:\/\/dralvarez.com.mx\/larevista\/wp-json\/wp\/v2\/posts\/61092"}],"collection":[{"href":"https:\/\/dralvarez.com.mx\/larevista\/wp-json\/wp\/v2\/posts"}],"about":[{"href":"https:\/\/dralvarez.com.mx\/larevista\/wp-json\/wp\/v2\/types\/post"}],"author":[{"embeddable":true,"href":"https:\/\/dralvarez.com.mx\/larevista\/wp-json\/wp\/v2\/users\/1018"}],"replies":[{"embeddable":true,"href":"https:\/\/dralvarez.com.mx\/larevista\/wp-json\/wp\/v2\/comments?post=61092"}],"version-history":[{"count":0,"href":"https:\/\/dralvarez.com.mx\/larevista\/wp-json\/wp\/v2\/posts\/61092\/revisions"}],"wp:attachment":[{"href":"https:\/\/dralvarez.com.mx\/larevista\/wp-json\/wp\/v2\/media?parent=61092"}],"wp:term":[{"taxonomy":"category","embeddable":true,"href":"https:\/\/dralvarez.com.mx\/larevista\/wp-json\/wp\/v2\/categories?post=61092"},{"taxonomy":"post_tag","embeddable":true,"href":"https:\/\/dralvarez.com.mx\/larevista\/wp-json\/wp\/v2\/tags?post=61092"}],"curies":[{"name":"wp","href":"https:\/\/api.w.org\/{rel}","templated":true}]}}