{"id":61086,"date":"2017-12-18T00:00:00","date_gmt":"2017-12-18T06:00:00","guid":{"rendered":"https:\/\/dralvarez.com.mx\/larevista\/blog\/imparten-el-tema-alzheimer-cuando-olvidar-es-inevitable-en-el-ciclo-de-conferencias-difundelo-20755"},"modified":"2017-12-18T00:00:00","modified_gmt":"2017-12-18T06:00:00","slug":"imparten-el-tema-alzheimer-cuando-olvidar-es-inevitable-en-el-ciclo-de-conferencias-difundelo-20755","status":"publish","type":"post","link":"https:\/\/dralvarez.com.mx\/larevista\/compeche\/imparten-el-tema-alzheimer-cuando-olvidar-es-inevitable-en-el-ciclo-de-conferencias-difundelo-20755","title":{"rendered":"Imparten el tema \u201cAlzheimer, cuando olvidar es inevitable\u201d, en el ciclo de conferencias \u201cDIF\u00fandelo\u201d"},"content":{"rendered":"<p>Con el tema \u201cAlzheimer, Cuando Olvidar es Inevitable\u201d, el Sistema Estatal para el Desarrollo Integral de la Familia (DIF), a trav\u00e9s de la Direcci\u00f3n de Atenci\u00f3n Social y Discapacidad, realiz\u00f3 la 7\u00aa conferencia del ciclo DIF\u00fandelo, promoviendo la prevenci\u00f3n, orientaci\u00f3n e inclusi\u00f3n de las Personas con Discapacidad.<\/p>\n<p>La conferencia fue impartida por Jos\u00e9 Luis Reyes Farf\u00e1n, certificado por el Consejo Mexicano de Psiquiatr\u00eda, con estudios de alta especialidad en Neurobiolog\u00eda de la Esquizofrenia, es Neuropsiquiatra por el Instituto Nacional de Neurolog\u00eda y Neurocirug\u00eda de la UNAM \u201cDr. Manuel Velazco Su\u00e1rez\u201d; psiquiatra por el Instituto Nacional de Psiquiatr\u00eda \u201cRam\u00f3n de la Fuente\u201d y m\u00e9dico cirujano por la Facultad de Medicina de la Universidad Aut\u00f3noma de Campeche (UAC).<\/p>\n<p>Ha presentado diversos trabajos, entre los que destacan \u201cAlteraciones Neuropsiqui\u00e1tricas y Cistecercosis Inactiva\u201d, \u201cProcesamiento Emocional de Pacientes con Trastornos Psic\u00f3ticos del espectro de la Esquizofrenia\u201d, \u201cMorir Siendo joven, Suicidio en el Adolescente\u201d, \u201cAmar Mejor, por un Mejor v\u00ednculo\u201d, entre otros.<\/p>\n<p>Asimismo, cuenta con publicaciones de los art\u00edculos \u201cPresentaci\u00f3n de Narcolepsia como Epilepsia Parcial\u201d, \u201cTrastorno Obsesivo Compulsivo durante el Embarazo y Posparto\u201d, \u201cPensamiento Metaf\u00f3rico en Pacientes con Psicosis\u201d, entre otros.<\/p>\n<p>Es miembro del grupo Hospitalario \u00c1ngeles; socio fundador de la Sociedad M\u00e9dica del Hospital \u00c1ngeles, Acoxpa M\u00e9xico; miembro activo de la Sociedad Mexicana de Psiquiatr\u00eda; miembro de la Asociaci\u00f3n Mexicana de Egresados del Instituto Nacional de Neurolog\u00eda y Neurocirug\u00eda \u201cManuel Velazco Su\u00e1rez\u201d.<\/p>\n<p>Cabe se\u00f1alar que de marzo a noviembre del presente a\u00f1o, \u201cDIF\u00fandelo\u201d desarroll\u00f3 un tema diferente en el sal\u00f3n \u201cLilia Reyes de L\u00f3pez Hern\u00e1ndez\u201c, de la Mansi\u00f3n Carvajal, los \u00faltimos jueves de cada mes a las 18:00 horas, siendo abierto a todo el p\u00fablico.<\/p>\n","protected":false},"excerpt":{"rendered":"<p>Con el tema \u201cAlzheimer, Cuando Olvidar es Inevitable\u201d, el Sistema Estatal para el Desarrollo Integral de la Familia (DIF), a trav\u00e9s de la Direcci\u00f3n de<\/p>\n","protected":false},"author":1018,"featured_media":0,"comment_status":"open","ping_status":"open","sticky":false,"template":"","format":"standard","meta":{"tdm_status":"","tdm_grid_status":"","footnotes":""},"categories":[27],"tags":[],"_links":{"self":[{"href":"https:\/\/dralvarez.com.mx\/larevista\/wp-json\/wp\/v2\/posts\/61086"}],"collection":[{"href":"https:\/\/dralvarez.com.mx\/larevista\/wp-json\/wp\/v2\/posts"}],"about":[{"href":"https:\/\/dralvarez.com.mx\/larevista\/wp-json\/wp\/v2\/types\/post"}],"author":[{"embeddable":true,"href":"https:\/\/dralvarez.com.mx\/larevista\/wp-json\/wp\/v2\/users\/1018"}],"replies":[{"embeddable":true,"href":"https:\/\/dralvarez.com.mx\/larevista\/wp-json\/wp\/v2\/comments?post=61086"}],"version-history":[{"count":0,"href":"https:\/\/dralvarez.com.mx\/larevista\/wp-json\/wp\/v2\/posts\/61086\/revisions"}],"wp:attachment":[{"href":"https:\/\/dralvarez.com.mx\/larevista\/wp-json\/wp\/v2\/media?parent=61086"}],"wp:term":[{"taxonomy":"category","embeddable":true,"href":"https:\/\/dralvarez.com.mx\/larevista\/wp-json\/wp\/v2\/categories?post=61086"},{"taxonomy":"post_tag","embeddable":true,"href":"https:\/\/dralvarez.com.mx\/larevista\/wp-json\/wp\/v2\/tags?post=61086"}],"curies":[{"name":"wp","href":"https:\/\/api.w.org\/{rel}","templated":true}]}}