{"id":61028,"date":"2017-12-15T00:00:00","date_gmt":"2017-12-15T06:00:00","guid":{"rendered":"https:\/\/dralvarez.com.mx\/larevista\/blog\/secretario-de-educacion-presenta-app-telefonica-consulta-escolar-en-carmen-20695"},"modified":"2017-12-15T00:00:00","modified_gmt":"2017-12-15T06:00:00","slug":"secretario-de-educacion-presenta-app-telefonica-consulta-escolar-en-carmen-20695","status":"publish","type":"post","link":"https:\/\/dralvarez.com.mx\/larevista\/compeche\/secretario-de-educacion-presenta-app-telefonica-consulta-escolar-en-carmen-20695","title":{"rendered":"Secretario de Educaci\u00f3n presenta app telef\u00f3nica \u201cConsulta escolar\u201d en Carmen"},"content":{"rendered":"<p>Al anunciar que se llevar\u00e1n a cabo visitas a los once municipios a fin de promover su uso y descarga, el secretario de Educaci\u00f3n, Ricardo Medina Farf\u00e1n, encabez\u00f3 la presentaci\u00f3n de la nueva App Telef\u00f3nica gratuita \u201cConsulta Escolar\u201d en el municipio del Carmen, ante m\u00e1s de 300 padres de familia, previo a la inauguraci\u00f3n del Encuentro Estatal de Padres e Hijos con Discapacidad.<\/p>\n<p>En el acto realizado en el Centro Cultural Universitario, el funcionario estatal hizo hincapi\u00e9 en que la respuesta de los padres de familia ha sido muy positiva desde el lanzamiento de este sistema, siendo hasta el d\u00eda de hoy m\u00e1s de mil 500 las descargas se han realizado.<\/p>\n<p>Refiri\u00f3 que con el af\u00e1n de permitir que un mayor n\u00famero de personas sepa de esta nueva aplicaci\u00f3n, se inici\u00f3 un proceso de difusi\u00f3n en los once municipios, por lo que esta charla que ahora se present\u00f3 ante m\u00e1s de 300 padres de familia, se replicar\u00e1 de manera consecutiva en pr\u00f3ximos meses en los municipios restantes para que el mayor n\u00famero posible de padres de familia sepa de los beneficios de la misma, principalmente de las comunidades urbanas.<\/p>\n<p>\u201cEsta es una nueva forma de comunicarte con la escuela de tu hijo y\/o hija\u201d, precis\u00f3 Medina Farf\u00e1n, quien indic\u00f3 que esta aplicaci\u00f3n mejora el v\u00ednculo entre la autoridad educativa y los padres, adem\u00e1s de facilitar los tr\u00e1mites, como las preinscripciones de sus hijos, evitando largas filas a las afueras de los planteles.<\/p>\n<p>Medina Farf\u00e1n mencion\u00f3 que esta aplicaci\u00f3n es gratuita y est\u00e1 disponible para todas aquellas personas que cuentan con un tel\u00e9fono celular, lo que representan m\u00e1s del 89 por ciento de la poblaci\u00f3n estatal y poco m\u00e1s del 90 por ciento tan s\u00f3lo en el municipio de Carmen, de acuerdo a datos estad\u00edsticos del INEGI.<\/p>\n<p>Destac\u00f3 adem\u00e1s que est\u00e1 solo podr\u00e1 habilitarse en dispositivos que trabajen con el sistema operativo IOS o Android, y ya con ello, se le dar\u00e1 acceso al registrarse a diferentes opciones para mantenerse informado sobre la situaci\u00f3n de sus hijos en los centros escolares; dentro de ellas se encuentra un buz\u00f3n escolar, reportes, calificaciones, as\u00ed como el de las preinscripciones para alumnos de primero, segundo o tercero de preescolar; primero de primaria y\/o secundaria, y que estar\u00e1n vigentes en febrero del pr\u00f3ximo a\u00f1o.<\/p>\n<p>Al brindar una explicaci\u00f3n a los presentes sobre el uso de la \u201cApp Seduc\u201d, el jefe del departamento de Registro y Certificaci\u00f3n de la dependencia estatal indic\u00f3 que a una semana de haber sido dada a conocer oficialmente, se cuenta con m\u00e1s de mil 500 descargas lo que denota que se ha tenido una buena respuesta por parte de las familias campechana quienes demuestran la viabilidad del proyecto.<\/p>\n<p>Asimismo, mencion\u00f3 que la app es \u00fatil ser\u00e1 \u00fatil para estudiantes de escuelas p\u00fablicas o privadas de preescolar, primaria y secundaria en todo el Estado.<\/p>\n<p>Posteriormente a este acto, el titular de la SEDUC, acompa\u00f1ado de Magaly Medina Farf\u00e1n, en representaci\u00f3n de la Presidenta del Patronato del DIF Estatal, Christelle Casta\u00f1\u00f3n de Moreno, inaugur\u00f3 el Encuentro Estatal de Padres e Hijos con Discapacidad, que se realiz\u00f3 en el marco de la Tercera Jornada Estatal de Discapacidad.<\/p>\n<p>En este encuentro, alumnos de los Centros de Atenci\u00f3n M\u00faltiple (CAM) del municipio de Carmen presentaron trabajos realizados en los diversos talleres a los que asisten; asimismo, se realiz\u00f3 una clase de matrogimnasia para fortalecer los lazos entre padres e hijos, y diversas actividades que fortalecen las habilidades de los asistentes y su inclusi\u00f3n.<\/p>\n","protected":false},"excerpt":{"rendered":"<p>Al anunciar que se llevar\u00e1n a cabo visitas a los once municipios a fin de promover su uso y descarga, el secretario de Educaci\u00f3n, Ricardo Medina Farf\u00e1<\/p>\n","protected":false},"author":1018,"featured_media":0,"comment_status":"open","ping_status":"open","sticky":false,"template":"","format":"standard","meta":{"tdm_status":"","tdm_grid_status":"","footnotes":""},"categories":[27],"tags":[],"_links":{"self":[{"href":"https:\/\/dralvarez.com.mx\/larevista\/wp-json\/wp\/v2\/posts\/61028"}],"collection":[{"href":"https:\/\/dralvarez.com.mx\/larevista\/wp-json\/wp\/v2\/posts"}],"about":[{"href":"https:\/\/dralvarez.com.mx\/larevista\/wp-json\/wp\/v2\/types\/post"}],"author":[{"embeddable":true,"href":"https:\/\/dralvarez.com.mx\/larevista\/wp-json\/wp\/v2\/users\/1018"}],"replies":[{"embeddable":true,"href":"https:\/\/dralvarez.com.mx\/larevista\/wp-json\/wp\/v2\/comments?post=61028"}],"version-history":[{"count":0,"href":"https:\/\/dralvarez.com.mx\/larevista\/wp-json\/wp\/v2\/posts\/61028\/revisions"}],"wp:attachment":[{"href":"https:\/\/dralvarez.com.mx\/larevista\/wp-json\/wp\/v2\/media?parent=61028"}],"wp:term":[{"taxonomy":"category","embeddable":true,"href":"https:\/\/dralvarez.com.mx\/larevista\/wp-json\/wp\/v2\/categories?post=61028"},{"taxonomy":"post_tag","embeddable":true,"href":"https:\/\/dralvarez.com.mx\/larevista\/wp-json\/wp\/v2\/tags?post=61028"}],"curies":[{"name":"wp","href":"https:\/\/api.w.org\/{rel}","templated":true}]}}