{"id":61018,"date":"2017-12-15T00:00:00","date_gmt":"2017-12-15T06:00:00","guid":{"rendered":"https:\/\/dralvarez.com.mx\/larevista\/blog\/patronato-de-la-ciudad-de-campeche-invita-a-disfrutar-de-fussion-live-show-20684"},"modified":"2017-12-15T00:00:00","modified_gmt":"2017-12-15T06:00:00","slug":"patronato-de-la-ciudad-de-campeche-invita-a-disfrutar-de-fussion-live-show-20684","status":"publish","type":"post","link":"https:\/\/dralvarez.com.mx\/larevista\/compeche\/patronato-de-la-ciudad-de-campeche-invita-a-disfrutar-de-fussion-live-show-20684","title":{"rendered":"Patronato de la Ciudad de Campeche invita a disfrutar de Fussion Live Show"},"content":{"rendered":"<p>Se presentar\u00e1 por primera vez en M\u00e9xico, este 15 de diciembre en la calle 59.<\/p>\n<\/p>\n<p>El Patronato de la Ciudad de Campeche invita<br \/>\na disfrutar de Fussion LIVE SHOW, un d\u00fao integrado por los espa\u00f1oles Robert<br \/>\nMendoza, violinista electr\u00f3nico internacional; y Javi Torres, Dj y<br \/>\npercusionista, quienes se presentar\u00e1n por primera vez en M\u00e9xico.<\/p>\n<p>El LIVE SHOW tendr\u00e1 lugar el viernes<br \/>\n15 de diciembre a las 22:00 horas, en el corredor tur\u00edstico de la Calle 59, esquina<br \/>\ncon calle 10 del Centro Hist\u00f3rico. El presidente del Patronato inform\u00f3 que es un<br \/>\nevento totalmente gratuito, los asistentes pueden reservar en el restaurante de<br \/>\nsu preferencia en el corredor tur\u00edstico, entre las calles 8 y 12, o disfrutar<br \/>\nel espect\u00e1culo en las \u00e1reas destinadas para el p\u00fablico que no desee consumir en<br \/>\nlos comercios.<\/p>\n<p>Con motivo de la temporada vacacional<br \/>\ny de las actividades que se realizar\u00e1n durante el Festival Internacional del<br \/>\nCentro Hist\u00f3rico, exhort\u00f3 tambi\u00e9n a la ciudadan\u00eda a mantenerse informados con<br \/>\nrespecto al cierre de vialidades, \u201clos tranv\u00edas continuar\u00e1n dando servicio y<br \/>\natendiendo al turismo, ya sea desde la Avenida 16 de Septiembre o del Malec\u00f3n<br \/>\nde la Ciudad; para la realizaci\u00f3n del evento que nos ocupa, se cerrar\u00e1 un tramo<br \/>\nde la calle 10, entre 57 y 61 del Centro, para mayor informaci\u00f3n pueden<br \/>\nconsultar las redes sociales del Patronato, Facebook y Twitter:<br \/>\n@PatronatoCampAC o al tel\u00e9fono 816-4711.<\/p><\/p>\n","protected":false},"excerpt":{"rendered":"<p>Se presentar\u00e1 por primera vez en M\u00e9xico, este 15 de diciembre en la calle 59.<\/p>\n","protected":false},"author":1018,"featured_media":0,"comment_status":"open","ping_status":"open","sticky":false,"template":"","format":"standard","meta":{"tdm_status":"","tdm_grid_status":"","footnotes":""},"categories":[27],"tags":[],"_links":{"self":[{"href":"https:\/\/dralvarez.com.mx\/larevista\/wp-json\/wp\/v2\/posts\/61018"}],"collection":[{"href":"https:\/\/dralvarez.com.mx\/larevista\/wp-json\/wp\/v2\/posts"}],"about":[{"href":"https:\/\/dralvarez.com.mx\/larevista\/wp-json\/wp\/v2\/types\/post"}],"author":[{"embeddable":true,"href":"https:\/\/dralvarez.com.mx\/larevista\/wp-json\/wp\/v2\/users\/1018"}],"replies":[{"embeddable":true,"href":"https:\/\/dralvarez.com.mx\/larevista\/wp-json\/wp\/v2\/comments?post=61018"}],"version-history":[{"count":0,"href":"https:\/\/dralvarez.com.mx\/larevista\/wp-json\/wp\/v2\/posts\/61018\/revisions"}],"wp:attachment":[{"href":"https:\/\/dralvarez.com.mx\/larevista\/wp-json\/wp\/v2\/media?parent=61018"}],"wp:term":[{"taxonomy":"category","embeddable":true,"href":"https:\/\/dralvarez.com.mx\/larevista\/wp-json\/wp\/v2\/categories?post=61018"},{"taxonomy":"post_tag","embeddable":true,"href":"https:\/\/dralvarez.com.mx\/larevista\/wp-json\/wp\/v2\/tags?post=61018"}],"curies":[{"name":"wp","href":"https:\/\/api.w.org\/{rel}","templated":true}]}}